{"653782":{"titulo":"Portuguesa contrata J\u00fanior Lopes, t\u00e9cnico que levou o Tombense at\u00e9 a semifinal do Mineiro","link":"https:\/\/www.futebolinterior.com.br\/portuguesa-contrata-junior-lopes-tecnico-que-levou-o-tombense-ate-a-semifinal-do-mineiro\/","chapeu":"\u00c9 ELE!","data":"21\/04\/2015","imagem":"https:\/\/images.futebolinterior.com.br\/2021\/04\/0002050074140_img-300x165.jpg","resumo":"Demorou, mas a Portuguesa finalmente tem um novo t\u00e9cnico para a sequ\u00eancia da temporada. Na noite desta ter\u00e7a-feira, o executivo de futebol do clube, Jos\u00e9 Reis,"},"653847":{"titulo":"ESPECIAL: Palmeiras e Santos faziam a \u00faltima decis\u00e3o do Paulist\u00e3o h\u00e1 56 anos, relembre!","link":"https:\/\/www.futebolinterior.com.br\/especial-palmeiras-e-santos-faziam-a-ultima-decisao-do-paulistao-ha-56-anos-relembre\/","chapeu":"FI FALOU COM OS CRAQUES!","data":"21\/04\/2015","imagem":0,"resumo":"O Peixe contava com nomes como Pel\u00e9, Pepe e Pag\u00e3o, o trio PPP, enquanto que o Verd\u00e3o confiava nas defesas de Valdir e pontaria de Juninho Botelho"},"653830":{"titulo":"Paulist\u00e3o: Her\u00f3i do Palmeiras, Prass mant\u00e9m cautela antes da final","link":"https:\/\/www.futebolinterior.com.br\/paulistao-heroi-do-palmeiras-prass-mantem-cautela-antes-da-final\/","chapeu":"CALMA","data":"21\/04\/2015","imagem":"https:\/\/images.futebolinterior.com.br\/2021\/04\/0002050074101_img-300x169.jpg","resumo":" A classifica\u00e7\u00e3o para a final obtida na casa do Corinthians deixou a torcida palmeirense euf\u00f3rica, mas o experiente goleiro Fernando Prass"},"653841":{"titulo":"Paulist\u00e3o: Sem dores, zagueiro Tobio refor\u00e7a time reserva do Palmeiras em jogo-treino","link":"https:\/\/www.futebolinterior.com.br\/paulistao-sem-dores-zagueiro-tobio-reforca-time-reserva-do-palmeiras-em-jogo-treino\/","chapeu":"BOA NOT\u00cdCIA","data":"21\/04\/2015","imagem":"https:\/\/images.futebolinterior.com.br\/2021\/04\/0002050074100_img-300x169.jpg","resumo":" elenco do Palmeiras se reapresentou nesta ter\u00e7a-feira ap\u00f3s o triunfo sobre o Corinthians e a classifica\u00e7\u00e3o para a final do Campeonato Paulista. "},"653857":{"titulo":"Time santista v\u00ea clube acertar ao abrir m\u00e3o de renda maior e jogar final na Vila","link":"https:\/\/www.futebolinterior.com.br\/time-santista-ve-clube-acertar-ao-abrir-mao-de-renda-maior-e-jogar-final-na-vila\/","chapeu":"TUDO CERTO?","data":"21\/04\/2015","imagem":"https:\/\/images.futebolinterior.com.br\/2021\/04\/0002050074081_img-300x169.jpg","resumo":"Mesmo com a possibilidade de acertas atrasados, elenco do Peixe comemorou decis\u00e3o em casa"},"653873":{"titulo":"Ponte Preta faz jogo duro e diz que n\u00e3o liberar\u00e1 ningu\u00e9m sem o pagamento da multa","link":"https:\/\/www.futebolinterior.com.br\/ponte-preta-faz-jogo-duro-e-diz-que-nao-liberara-ninguem-sem-o-pagamento-da-multa\/","chapeu":"SEM ESMOLA!","data":"21\/04\/2015","imagem":"https:\/\/images.futebolinterior.com.br\/2021\/04\/0002050074051_img-300x174.jpg","resumo":" A boa campanha da Ponte Preta no Campeonato Paulista deixou os seus principais jogadores na mira de outros clubes que disputam o Paulist\u00e3o."},"653880":{"titulo":"Palmeiras e Santos merecem disputar este t\u00edtulo paulista","link":"https:\/\/www.futebolinterior.com.br\/palmeiras-e-santos-merecem-disputar-este-titulo-paulista\/","chapeu":"OPINI\u00c3O","data":"21\/04\/2015","imagem":"https:\/\/images.futebolinterior.com.br\/2021\/04\/0002050074045_img-300x169.jpg","resumo":"\u200bOs dois times que chegaram \u00e0s finais do Campeonato Paulista, mereceram chegar l\u00e1. foram melhores do que seus times em jogo \u00fanico, respectivamente, Corinthians e S\u00e3o Paulo"},"653955":{"titulo":"Corinthians e Santos disputam goleiro Renan Rocha, elogiado no Paulist\u00e3o","link":"https:\/\/www.futebolinterior.com.br\/corinthians-e-santos-disputam-goleiro-renan-rocha-elogiado-no-paulistao\/","chapeu":"QUEM LEVA?","data":"21\/04\/2015","imagem":"https:\/\/images.futebolinterior.com.br\/2021\/04\/0002050073983_img.jpg","resumo":"Renan j\u00e1 foi contatado por seu empres\u00e1rio e aguarda uma proposta oficial para definir o seu futuro"},"654008":{"titulo":"Mais caros, ingressos da 1\u00aa final do Paulista come\u00e7am a ser vendidos nesta ter\u00e7a","link":"https:\/\/www.futebolinterior.com.br\/mais-caros-ingressos-da-1a-final-do-paulista-comecam-a-ser-vendidos-nesta-terca\/","chapeu":"GARANTA O SEU!","data":"20\/04\/2015","imagem":"https:\/\/images.futebolinterior.com.br\/2021\/04\/0002050073936_img-300x199.jpg","resumo":"Palmeiras e Santos fazem o primeiro jogo neste domingo na Arena Palestra"},"654026":{"titulo":"Centuri\u00f3n afirma sentir falta do Racing e revela: \"estou sofrendo muito no S\u00e3o Paulo\"","link":"https:\/\/www.futebolinterior.com.br\/centurion-afirma-sentir-falta-do-racing-e-revela-estou-sofrendo-muito-no-sao-paulo\/","chapeu":"VAI VOLTAR?","data":"20\/04\/2015","imagem":"https:\/\/images.futebolinterior.com.br\/2021\/04\/0002050073932_img-300x169.jpg","resumo":"Apesar de todos os problemas, o argentino deve jogar diante do Corinthians pela Libertadores"}}