{"653479":{"titulo":"Paulist\u00e3o: Oswaldo faz mudan\u00e7as e escala Cleiton Xavier e Gabriel Jesus no Palmeiras","link":"https:\/\/www.futebolinterior.com.br\/paulistao-oswaldo-faz-mudancas-e-escala-cleiton-xavier-e-gabriel-jesus-no-palmeiras\/","chapeu":"NOVIDADES?","data":"23\/04\/2015","imagem":"https:\/\/images.futebolinterior.com.br\/2021\/04\/0002050074485_img-300x195.jpg","resumo":"O Palmeiras deve ter novidades para enfrentar o Santos, no domingo, \u00e0s 16h, na Arena Palmeiras, pela primeira partida da decis\u00e3o do Campeonato Paulista."},"653474":{"titulo":"Santos pode contratar meia Ricardinho, her\u00f3i do Cear\u00e1 na final da Copa do Nordeste","link":"https:\/\/www.futebolinterior.com.br\/santos-pode-contratar-meia-ricardinho-heroi-do-ceara-na-final-da-copa-do-nordeste\/","chapeu":"SE CUIDA, VOZ\u00c3O!","data":"23\/04\/2015","imagem":"https:\/\/images.futebolinterior.com.br\/2021\/04\/0002050074481_img-300x200.jpg","resumo":"Santos pode contratar meia Ricardinho, her\u00f3i do Cear\u00e1 na final da Copa do Nordeste, na busca por um substituto para Arouca, hoje no Palmeiras."},"653592":{"titulo":"Pepe, maior artilheiro do Santos, lembra da \"m\u00e1quina de t\u00edtulos\" e quer revanche contra Palmeiras","link":"https:\/\/www.futebolinterior.com.br\/pepe-maior-artilheiro-do-santos-lembra-da-maquina-de-titulos-e-quer-revanche-contra-palmeiras\/","chapeu":"ESPECIAL","data":"22\/04\/2015","imagem":"https:\/\/images.futebolinterior.com.br\/2021\/04\/0002050074304_img-300x224.jpg","resumo":"O \u00eddolo do Peixe exaltou o futebol ofensivo de antigamente e elogiou craques como Juninho Botelho, Djalma Santos, Pel\u00e9 e Pag\u00e3o"},"653600":{"titulo":"Santos \u201ccede\u201d e Ricardo Oliveira renova contrato por dois anos","link":"https:\/\/www.futebolinterior.com.br\/santos-cede-e-ricardo-oliveira-renova-contrato-por-dois-anos\/","chapeu":"FIM DA NOVELA","data":"22\/04\/2015","imagem":"https:\/\/images.futebolinterior.com.br\/2021\/04\/0002050074294_img-300x200.jpg","resumo":"Na tarde desta quarta-feira, Santos e jogador entraram em um acordo para a renova\u00e7\u00e3o de contrato"},"653629":{"titulo":"Ituano x Portuguesa \u2013 Duelo de paulistas em situa\u00e7\u00f5es bem diferentes","link":"https:\/\/www.futebolinterior.com.br\/ituano-x-portuguesa-duelo-de-paulistas-em-situacoes-bem-diferentes\/","chapeu":"JOGO INTERESSANTE","data":"22\/04\/2015","imagem":"https:\/\/images.futebolinterior.com.br\/2021\/04\/0002050074248_img-300x208.jpg","resumo":" Ituano e Portuguesa voltam a se enfrentar nesta quinta feira, no est\u00e1dio Noveli J\u00fanior, \u00e0s 19h30. "},"653680":{"titulo":"Rafael Marques admite surpresa ao ver o Palmeiras na decis\u00e3o do Paulist\u00e3o","link":"https:\/\/www.futebolinterior.com.br\/rafael-marques-admite-surpresa-ao-ver-o-palmeiras-na-decisao-do-paulistao\/","chapeu":"UIAA!","data":"22\/04\/2015","imagem":"https:\/\/images.futebolinterior.com.br\/2021\/04\/0002050074213_img.jpg","resumo":"Embora admitam surpresa com a decis\u00e3o, ningu\u00e9m no clube cogita a possibilidade de deixar o t\u00edtulo escapar"},"654164":{"titulo":"Portal FI sorteia mais cinco camisas nesta semana. Vejam os primeiros ganhadores!","link":"https:\/\/www.futebolinterior.com.br\/portal-fi-sorteia-mais-cinco-camisas-nesta-semana-vejam-os-primeiros-ganhadores\/","chapeu":"\u00c9 PROMO\u00c7\u00c3O!","data":"22\/04\/2015","imagem":"https:\/\/images.futebolinterior.com.br\/2021\/04\/0002050073810_img-300x213.jpg","resumo":"Os ganhadores receber\u00e3o uma mensagem do Portal FI com as orienta\u00e7\u00f5es para receber as camisas"},"653744":{"titulo":"Palmeiras usa vit\u00f3ria contra o S\u00e3o Paulo como exemplo para decis\u00e3o","link":"https:\/\/www.futebolinterior.com.br\/palmeiras-usa-vitoria-contra-o-sao-paulo-como-exemplo-para-decisao\/","chapeu":"FOCO","data":"22\/04\/2015","imagem":"https:\/\/images.futebolinterior.com.br\/2021\/04\/0002050074171_img-300x169.jpg","resumo":"E para n\u00e3o deixar a euforia atrapalhar, as armas palmeirenses s\u00e3o a for\u00e7a da torcida em jogos na Arena e o poder de concentra\u00e7\u00e3o do t\u00e9cnico Oswaldo de Oliveira"},"653751":{"titulo":"Paulist\u00e3o: Palmeirenses j\u00e1 compraram mais da metade dos ingressos dispon\u00edveis para final","link":"https:\/\/www.futebolinterior.com.br\/paulistao-palmeirenses-ja-compraram-mais-da-metade-dos-ingressos-disponiveis-para-final\/","chapeu":"CASA CHEIA!","data":"22\/04\/2015","imagem":"https:\/\/images.futebolinterior.com.br\/2021\/04\/0002050074165_img-300x169.jpg","resumo":" J\u00e1 foram vendidos antecipadamente 21 mil ingressos para o cl\u00e1ssico entre Palmeiras e Santos, domingo, \u00e0s 16 horas, no Allianz Parque, pelo jogo de ida da final do Campeonato Pauli"},"653755":{"titulo":"Ava\u00ed entra na briga com Sport e Coritiba por Leandro, do Palmeiras","link":"https:\/\/www.futebolinterior.com.br\/avai-entra-na-briga-com-sport-e-coritiba-por-leandro-do-palmeiras\/","chapeu":"BRIGANDO POR POUCO","data":"22\/04\/2015","imagem":"https:\/\/images.futebolinterior.com.br\/2021\/04\/0002050074161_img-300x184.jpg","resumo":"tem apenas 21 anos e foi revelado pelo Gr\u00eamio. Chegou ao Palmeiras em 2013, fez grande temporada e em seguida conviveu com uma s\u00e9rie de les\u00f5es"}}