{"575047":{"titulo":"Segundona: XV de Ja\u00fa apresenta jogadores nesse sexta e goleia em amistoso","link":"https:\/\/www.futebolinterior.com.br\/segundona-xv-de-jau-apresenta-jogadores-nesse-sexta-e-goleia-em-amistoso\/","chapeu":"COME\u00c7OU BEM!","data":"18\/03\/2016","imagem":"https:\/\/images.futebolinterior.com.br\/2021\/04\/0002050151833_img-300x225.jpg","resumo":"Equipe profissional derrotou o Ol\u00e9 Brasil por 5x0 no no Est\u00e1dio Zezinho Magalh\u00e3es"},"574805":{"titulo":"\u200bACEISP segue credenciando cronista do interior paulista","link":"https:\/\/www.futebolinterior.com.br\/%e2%80%8baceisp-segue-credenciando-cronista-do-interior-paulista\/","chapeu":"INTERIOR","data":"18\/03\/2016","imagem":"https:\/\/images.futebolinterior.com.br\/2021\/04\/0002050151720_img-300x269.jpg","resumo":"A ACEISP informa que segue fazendo o credenciamento dos cronistas esportivos de r\u00e1dio, jornal, televis\u00e3o e web do interior. Ap\u00f3s o reconhecimento da FPF, ficou mais barato o regist"},"576831":{"titulo":"Morre ex-atacante Ga\u00facho, \u00eddolo do Flamengo campe\u00e3o brasileiro de 92","link":"https:\/\/www.futebolinterior.com.br\/morre-ex-atacante-gaucho-idolo-do-flamengo-campeao-brasileiro-de-92\/","chapeu":"LUTO!","data":"17\/03\/2016","imagem":"https:\/\/images.futebolinterior.com.br\/2021\/04\/0002050151530_img-298x300.jpg","resumo":"O ex-jogador foi v\u00edtima de um c\u00e2ncer de pr\u00f3stata e faleceu nesta quinta-feira"},"575508":{"titulo":"Segundona: Gr\u00eamio Mauaense treina forte para estreia do estadual contra Atl\u00e9tico Mogi","link":"https:\/\/www.futebolinterior.com.br\/segundona-gremio-mauaense-treina-forte-para-estreia-do-estadual-contra-atletico-mogi\/","chapeu":"FOCADOS!","data":"17\/03\/2016","imagem":"https:\/\/images.futebolinterior.com.br\/2021\/04\/0002050151482_img-168x300.jpg","resumo":"Comandada por Vitor Mosca, Locomotiva far\u00e1 entrar\u00e1 em campo no dia 17 de abril fora de casa"},"577182":{"titulo":"Segundona: XV de Ja\u00fa far\u00e1 apresenta\u00e7\u00e3o de primeiros atletas nesta sexta-feira","link":"https:\/\/www.futebolinterior.com.br\/segundona-xv-de-jau-fara-apresentacao-de-primeiros-atletas-nesta-sexta-feira\/","chapeu":"NOVIDADES!","data":"16\/03\/2016","imagem":"https:\/\/images.futebolinterior.com.br\/2021\/04\/0002050151204_img-298x300.jpg","resumo":"Nesta sexta-feira, o XV de Ja\u00fa far\u00e1 a apresenta\u00e7\u00e3o dos primeiros jogadores inscritos que disputar\u00e3o o Campeonato Paulista da Segunda Divis\u00e3o"},"577479":{"titulo":"ACEISP \u00e9 reconhecida e cronista interiorano tem liberdade para trabalhar","link":"https:\/\/www.futebolinterior.com.br\/aceisp-e-reconhecida-e-cronista-interiorano-tem-liberdade-para-trabalhar\/","chapeu":"LIBERADO","data":"15\/03\/2016","imagem":"https:\/\/images.futebolinterior.com.br\/2021\/04\/0002050150987_img-300x140.jpg","resumo":"\u200bA FPF emitiu um comunicado reconhecendo a entidade que j\u00e1 credencia seus filiados"},"577252":{"titulo":"Segundona: Locomotiva de Mau\u00e1 traz dois e pode acertar \u201cestrangeiro\u201d","link":"https:\/\/www.futebolinterior.com.br\/segundona-locomotiva-de-maua-traz-dois-e-pode-acertar-estrangeiro\/","chapeu":"REFOR\u00c7OS","data":"11\/03\/2016","imagem":"https:\/\/images.futebolinterior.com.br\/2021\/04\/0002050150031_img-300x180.jpg","resumo":"Mauaense continua sua prepara\u00e7\u00e3o para o Campeonato Paulista da Segunda Divis\u00e3o de 2016, que come\u00e7a em breve"},"576963":{"titulo":"Federa\u00e7\u00e3o Paulista divulga grupos e forma de disputa das categorias Sub-15 e Sub-17","link":"https:\/\/www.futebolinterior.com.br\/federacao-paulista-divulga-grupos-e-forma-de-disputa-das-categorias-sub-15-e-sub-17\/","chapeu":"BASE MAIS FORTE","data":"10\/03\/2016","imagem":"https:\/\/images.futebolinterior.com.br\/2021\/04\/0002050149923_img-263x300.jpg","resumo":"Os jogos ser\u00e3o disputados aos s\u00e1bados pela manh\u00e3. \u00c0s 9h, entra em campo a categoria sub-15 e \u00e0s 10h45 o sub-17."},"577377":{"titulo":"STF suspende condu\u00e7\u00e3o coercitiva do presidente da CBF para depor em CPI","link":"https:\/\/www.futebolinterior.com.br\/stf-suspende-conducao-coercitiva-do-presidente-da-cbf-para-depor-em-cpi\/","chapeu":"CANCELADO","data":"10\/03\/2016","imagem":"https:\/\/images.futebolinterior.com.br\/2021\/04\/0002050149910_img-300x225.jpg","resumo":"O depoimento do presidente Ant\u00f4nio Nunes est\u00e1 marcado para a pr\u00f3xima quarta-feira"},"578224":{"titulo":"Ap\u00f3s derrubar liminar, CBF aprova contas do mandato de Del Nero","link":"https:\/\/www.futebolinterior.com.br\/apos-derrubar-liminar-cbf-aprova-contas-do-mandato-de-del-nero\/","chapeu":"CHAMA O JAPON\u00caS","data":"10\/03\/2016","imagem":"https:\/\/images.futebolinterior.com.br\/2021\/04\/0002050149720_img-300x200.jpg","resumo":"CBF realizou o pleito e aprovou as contas referentes ao primeiro ano de gest\u00e3o do Marco Polo Del Nero - tomou posse em abril e licenciou-se em dezembro de 2015"}}