{"578575":{"titulo":"R\u00e1dio FI transmite, nesta segunda-feira, Lusa x Independente","link":"https:\/\/www.futebolinterior.com.br\/radio-fi-transmite-nesta-segunda-feira-lusa-x-independente\/","chapeu":"JOGA\u00c7O!","data":"07\/03\/2016","imagem":"https:\/\/images.futebolinterior.com.br\/2021\/04\/0002050149057_img-300x229.jpg","resumo":"Depois de se afastar do Z-6, Lusa mira a segunda vit\u00f3ria consecutiva na A2. O Galo precisa da vit\u00f3ria para fugir da degola."},"579317":{"titulo":"R\u00e1dio Futebol Interior define programa\u00e7\u00e3o deste final de semana","link":"https:\/\/www.futebolinterior.com.br\/radio-futebol-interior-define-programacao-deste-final-de-semana\/","chapeu":"FIQUE DE OLHO!","data":"06\/03\/2016","imagem":"https:\/\/images.futebolinterior.com.br\/2021\/04\/0002050148729_img-300x177.jpg","resumo":"Final de semana recheado com jogos da s\u00e9rie A1 A2 e A3"},"579058":{"titulo":"Fifa d\u00e1 sinal verde para testar uso de v\u00eddeo em lances duvidosos","link":"https:\/\/www.futebolinterior.com.br\/fifa-da-sinal-verde-para-testar-uso-de-video-em-lances-duvidosos\/","chapeu":"MODERNIDADE","data":"05\/03\/2016","imagem":"https:\/\/images.futebolinterior.com.br\/2021\/04\/0002050148438_img-300x146.jpg","resumo":"A CBF est\u00e1 entre as 13 ligas que pediram para fazer os testes que devem come\u00e7ar em 2017"},"579405":{"titulo":"Segundona: Tabo\u00e3o da Serra apresenta Ed\u00edlson 'Capetiha' pentacampe\u00e3o mundial em 2002","link":"https:\/\/www.futebolinterior.com.br\/segundona-taboao-da-serra-apresenta-edilson-capetiha-pentacampeao-mundial-em-2002\/","chapeu":"ELE T\u00c1 DE VOLTA","data":"03\/03\/2016","imagem":"https:\/\/images.futebolinterior.com.br\/2021\/04\/0002050148194_img-300x199.jpg","resumo":"O jogador de 45 anos, que estava parado a seis, chega para fazer dupla de ataque com o tamb\u00e9m rodado Tuta "},"579678":{"titulo":"Clubes brasileiros quase n\u00e3o cresceram em 2015, aponta estudo","link":"https:\/\/www.futebolinterior.com.br\/clubes-brasileiros-quase-nao-cresceram-em-2015-aponta-estudo\/","chapeu":"CRISE","data":"03\/03\/2016","imagem":"https:\/\/images.futebolinterior.com.br\/2021\/04\/0002050147881_img-300x202.jpg","resumo":"Os clubes brasileiros, na vis\u00e3o do analista, continuam cometendo velhos pecados"},"579783":{"titulo":"CBF rebate Rom\u00e1rio e promete que Coronel Nunes vai depor \u00e0 CPI no dia 16","link":"https:\/\/www.futebolinterior.com.br\/cbf-rebate-romario-e-promete-que-coronel-nunes-vai-depor-a-cpi-no-dia-16\/","chapeu":"SEM ALIVIAR!","data":"02\/03\/2016","imagem":"https:\/\/images.futebolinterior.com.br\/2021\/04\/0002050147755_img-300x169.jpg","resumo":"CBF rebate Rom\u00e1rio e promete que Coronel Nunes vai depor \u00e0 CPI do Futebol no dia 16"},"579868":{"titulo":"Segundona: VOCEM realiza avalia\u00e7\u00e3o para escolher atletas visando temporada 2016","link":"https:\/\/www.futebolinterior.com.br\/segundona-vocem-realiza-avaliacao-para-escolher-atletas-visando-temporada-2016\/","chapeu":"TEM VAGA!","data":"02\/03\/2016","imagem":"https:\/\/images.futebolinterior.com.br\/2021\/04\/0002050147662_img-300x169.jpg","resumo":"O Vocem, de Assis-SP, ir\u00e1 promover a realiza\u00e7\u00e3o de um processo seletivo com inten\u00e7\u00e3o de descobrir novos talentos para a equipe que disputar\u00e1 o Campeonato Paulista da 2\u00ba Divis\u00e3o."},"579990":{"titulo":"Segundona: Am\u00e9rica consegue inclus\u00e3o no estadual e volta no lugar do Taquarintinga","link":"https:\/\/www.futebolinterior.com.br\/segundona-america-consegue-inclusao-no-estadual-e-volta-no-lugar-do-taquarintinga\/","chapeu":"DE VOLTA!","data":"01\/03\/2016","imagem":"https:\/\/images.futebolinterior.com.br\/2021\/04\/0002050147553_img-300x197.jpg","resumo":"O Est\u00e1dio Benedito Teixeira, tamb\u00e9m conhecido como Teixeir\u00e3o, estava interditado desde o dia 7 de janeiro por falta de v\u00e1rios documento"},"580069":{"titulo":"Aos 41 anos, morre ex-atacante de Vasco, Corinthians e Sport","link":"https:\/\/www.futebolinterior.com.br\/aos-41-anos-morre-ex-atacante-de-vasco-corinthians-e-sport\/","chapeu":"LUTO!","data":"01\/03\/2016","imagem":"https:\/\/images.futebolinterior.com.br\/2021\/04\/0002050147474_img-300x159.jpg","resumo":"O vel\u00f3rio do ex-jogador ser\u00e1 na sede do clube pernambucano, do qual \u00e9 o terceiro maior artilheiro"},"581211":{"titulo":"Segundona: Locomotiva de Mau\u00e1 enfrenta Tigre no primeiro amistoso do ano","link":"https:\/\/www.futebolinterior.com.br\/segundona-locomotiva-de-maua-enfrenta-tigre-no-primeiro-amistoso-do-ano\/","chapeu":"TESTE","data":"26\/02\/2016","imagem":"https:\/\/images.futebolinterior.com.br\/2021\/04\/0002050146411_img-212x300.jpg","resumo":"Nesta semana foram definidos os primeiros 14 atletas que ficar\u00e3o no clube em 2016"}}