{"571845":{"titulo":"Segundona: Am\u00e9rica confirma amistoso com o Sub 23 do Santos","link":"https:\/\/www.futebolinterior.com.br\/segundona-america-confirma-amistoso-com-o-sub-23-do-santos\/","chapeu":"ANOTE NA AGENDA","data":"31\/03\/2016","imagem":"https:\/\/images.futebolinterior.com.br\/2021\/04\/0002050154815_img-300x139.jpg","resumo":"Visando os preparativos para a disputa do Campeonato Paulista da Segunda Divis\u00e3o, o presidente do Am\u00e9rica Futebol Clube, Jos\u00e9 Carlos Pereira Neto anunciou,amistosos com o Santos"},"400015":{"titulo":"Segundona: XV de Ja\u00fa utiliza jogo treino contra o Santacruzense para avaliar atletas","link":"https:\/\/www.futebolinterior.com.br\/segundona-xv-de-jau-utiliza-jogo-treino-contra-o-santacruzense-para-avaliar-atletas\/","chapeu":"FOCADOS !","data":"30\/03\/2016","imagem":"https:\/\/images.futebolinterior.com.br\/2021\/04\/0002050154622_img-300x225.jpg","resumo":"Antes do jogo-treino, o Galo apresentou mais tr\u00eas jogadores que disputar\u00e3o a segunda divis\u00e3o paulista "},"572552":{"titulo":"Segundona: XV de Ja\u00fa faz mist\u00e9rio, mas ir\u00e1 apresentar alguns refor\u00e7os nessa quarta","link":"https:\/\/www.futebolinterior.com.br\/segundona-xv-de-jau-faz-misterio-mas-ira-apresentar-alguns-reforcos-nessa-quarta\/","chapeu":"VEM MAIS ","data":"28\/03\/2016","imagem":"https:\/\/images.futebolinterior.com.br\/2021\/04\/0002050154168_img-300x211.jpg","resumo":"Al\u00e9m disso, o time confirmou mais tr\u00eas jogos treinos em prepara\u00e7\u00e3o para o estadual "},"574623":{"titulo":"CPI suspeita que COL desviou verba da Fifa para a organiza\u00e7\u00e3o da Copa de 2014","link":"https:\/\/www.futebolinterior.com.br\/cpi-suspeita-que-col-desviou-verba-da-fifa-para-a-organizacao-da-copa-de-2014\/","chapeu":"MAIS ESSA...","data":"26\/03\/2016","imagem":"https:\/\/images.futebolinterior.com.br\/2021\/04\/0002050153577_img-300x169.jpg","resumo":"A CPI vai enviar neste domingo \u00e0 Fifa um dossi\u00ea para que o suposto desvio seja apurado pela auditoria da entidade m\u00e1xima do futebol"},"574944":{"titulo":"Segundona: XV de Ja\u00fa vence amistoso contra a Inter de Limeira","link":"https:\/\/www.futebolinterior.com.br\/segundona-xv-de-jau-vence-amistoso-contra-a-inter-de-limeira\/","chapeu":"100% NOS TESTES","data":"25\/03\/2016","imagem":"https:\/\/images.futebolinterior.com.br\/2021\/04\/0002050153329_img-300x225.jpg","resumo":"A partida faz parte da prepara\u00e7\u00e3o da equipe de Ja\u00fa, que a partir de abril ir\u00e1 disputar a segundona do Campeonato Paulista "},"573657":{"titulo":"Com tr\u00eas times da S\u00e9rie A, futebol brasileiro tem apenas 26 invictos em Estaduais","link":"https:\/\/www.futebolinterior.com.br\/com-tres-times-da-serie-a-futebol-brasileiro-tem-apenas-26-invictos-em-estaduais\/","chapeu":"Com tr\u00eas times ","data":"24\/03\/2016","imagem":"https:\/\/images.futebolinterior.com.br\/2021\/04\/0002050153242_img-300x200.jpg","resumo":"Botafogo, Chapecoense e Cruzeiro representam a Primeira Divis\u00e3o do pa\u00eds nesta lista"},"575213":{"titulo":"LUTO! Ex-t\u00e9cnico do Barcelona morre v\u00edtima de um c\u00e2ncer no pulm\u00e3o","link":"https:\/\/www.futebolinterior.com.br\/luto-ex-tecnico-do-barcelona-morre-vitima-de-um-cancer-no-pulmao\/","chapeu":"ADEUS...","data":"24\/03\/2016","imagem":"https:\/\/images.futebolinterior.com.br\/2021\/04\/0002050153080_img-300x178.jpg","resumo":"O futebol perdeu mais um grande jogador na hist\u00f3ria do esporte"},"573974":{"titulo":"S\u00f3 no FI: Ou\u00e7a Andr\u00e9s Sanchez sugerindo que est\u00e1dio do Corinthians foi superfaturado","link":"https:\/\/www.futebolinterior.com.br\/so-no-fi-ouca-andres-sanchez-sugerindo-que-estadio-do-corinthians-foi-superfaturado\/","chapeu":"COMPLICOU...","data":"23\/03\/2016","imagem":"https:\/\/images.futebolinterior.com.br\/2021\/04\/0002050152862_img-300x200.jpg","resumo":"O ex-presidente do Corinthians, Andr\u00e9s Sanches, grande mentor e articulador da constru\u00e7\u00e3o da Arena Corinthians, no distante bairro Itaquera, em S\u00e3o Paulo"},"575525":{"titulo":"Segundona: Gr\u00eamio Prudente apresenta goleiro que estava no Tricordiano","link":"https:\/\/www.futebolinterior.com.br\/segundona-gremio-prudente-apresenta-goleiro-que-estava-no-tricordiano\/","chapeu":"REFOR\u00c7O NA \u00c1REA","data":"22\/03\/2016","imagem":"https:\/\/images.futebolinterior.com.br\/2021\/04\/0002050152816_img-300x243.jpg","resumo":"Douglas Silva se diz um arqueiro r\u00e1pido, \u00e1gil e que tem uma boa reposi\u00e7\u00e3o de bola. Ele \u00e9 um dos primeiros refor\u00e7os do time"},"576005":{"titulo":"Segundona: Em comum acordo, t\u00e9cnico Viitor Mosca deixa a Mauaense","link":"https:\/\/www.futebolinterior.com.br\/segundona-em-comum-acordo-tecnico-viitor-mosca-deixa-a-mauaense\/","chapeu":"SAIU!","data":"21\/03\/2016","imagem":"https:\/\/images.futebolinterior.com.br\/2021\/04\/0002050152464_img-300x185.jpg","resumo":"O treinador preferiu n\u00e3o comentar, mas a informa\u00e7\u00e3o que chegou foi que o clube de Mau\u00e1 teria trocado sua parceira "}}