{"570074":{"titulo":"Am\u00e9rica de Rio Preto pode ter est\u00e1dio demolido ainda neste m\u00eas","link":"https:\/\/www.futebolinterior.com.br\/america-de-rio-preto-pode-ter-estadio-demolido-ainda-neste-mes\/","chapeu":"MEU DEUS","data":"07\/04\/2016","imagem":"https:\/\/images.futebolinterior.com.br\/2021\/04\/0002050156621_img-300x225.jpg","resumo":"O clube reformou o est\u00e1dio de forma clandestina e a prefeitura descobriu. Agor\u00e1 ter\u00e1 que correr atr\u00e1s do preju\u00edzo"},"570254":{"titulo":"Segundona: XV de Ja\u00fa e Santacruzense fazem jogo treino de prepara\u00e7\u00e3o antes da estreia","link":"https:\/\/www.futebolinterior.com.br\/segundona-xv-de-jau-e-santacruzense-fazem-jogo-treino-de-preparacao-antes-da-estreia\/","chapeu":"PRA COME\u00c7AR BEM","data":"06\/04\/2016","imagem":"https:\/\/images.futebolinterior.com.br\/2021\/04\/0002050156421_img-300x222.jpg","resumo":"O Galo da Comerca fez seu \u00faltimo jogo-treino antes do primeiro jogo no estadual, no pr\u00f3ximo dia 16 contra o Tanabi "},"570423":{"titulo":"Segundona: Bandeirante espera fazer uma campanha melhor nesse ano","link":"https:\/\/www.futebolinterior.com.br\/segundona-bandeirante-espera-fazer-uma-campanha-melhor-nesse-ano\/","chapeu":"FOCADOS!","data":"06\/04\/2016","imagem":"https:\/\/images.futebolinterior.com.br\/2021\/04\/0002050156406_img-300x225.jpg","resumo":"O t\u00e9cnico do time ser\u00e1 Wagner Fernandes da Silva, que no ano passado obteve um bom quarto lugar com no Paulista Sub-20"},"570666":{"titulo":"Segundona: Portuguesa Santista lan\u00e7a Programas S\u00f3cio Torcedor para o estadual","link":"https:\/\/www.futebolinterior.com.br\/segundona-portuguesa-santista-lanca-programas-socio-torcedor-para-o-estadual\/","chapeu":"COME\u00c7ANDO BEM !","data":"05\/04\/2016","imagem":"https:\/\/images.futebolinterior.com.br\/2021\/04\/0002050156223_img-300x170.jpg","resumo":"Na ocasi\u00e3o, os jogadores Ricardinho, Alisson e Franc, que apresentaram os novos uniformes da equipe para a temporada "},"570676":{"titulo":"Segundona: Inter de Bebedouro apresenta os primeiros refor\u00e7os para o estadual","link":"https:\/\/www.futebolinterior.com.br\/segundona-inter-de-bebedouro-apresenta-os-primeiros-reforcos-para-o-estadual\/","chapeu":"COME\u00c7ANDO !","data":"05\/04\/2016","imagem":"https:\/\/images.futebolinterior.com.br\/2021\/04\/0002050156221_img-300x201.jpg","resumo":"Para a partida de estreia contra o Jos\u00e9 Bonif\u00e1cio, no dia 17 de abril, o t\u00e9cnico pretende contar com 15 ou 16 jogadores em condi\u00e7\u00f5es"},"574243":{"titulo":"Seja um correspondente FI na Segundona Paulista! Confira!","link":"https:\/\/www.futebolinterior.com.br\/seja-um-correspondente-fi-na-segundona-paulista-confira-2\/","chapeu":"OPORTUNIDADE","data":"05\/04\/2016","imagem":"https:\/\/images.futebolinterior.com.br\/2021\/04\/0002050152594_img-300x206.jpg","resumo":"O Portal Futebol Interior \u00e9 o \u00fanico site que cobre com exclusividade o torneio"},"570754":{"titulo":"Segundona: Gr\u00eamio Prudente anuncia zagueiro Jean Pierre como refor\u00e7o para a temporada","link":"https:\/\/www.futebolinterior.com.br\/segundona-gremio-prudente-anuncia-zagueiro-jean-pierre-como-reforco-para-a-temporada\/","chapeu":"MAIS UM!","data":"05\/04\/2016","imagem":"https:\/\/images.futebolinterior.com.br\/2021\/04\/0002050156159_img-225x300.jpg","resumo":"O defensor se define como um jogador r\u00e1pido e de boa t\u00e9cnica e espera poder ajudar a equipe durante o estadual "},"570880":{"titulo":"Segundona: XV de Ja\u00fa derrota Ol\u00e9 Brasil em jogo-treino de prepara\u00e7\u00e3o","link":"https:\/\/www.futebolinterior.com.br\/segundona-xv-de-jau-derrota-ole-brasil-em-jogo-treino-de-preparacao\/","chapeu":"COME\u00c7ANDO BEM","data":"04\/04\/2016","imagem":"https:\/\/images.futebolinterior.com.br\/2021\/04\/0002050155976_img-300x225.jpg","resumo":"Este foi o segundo amistoso entre as duas equipes no ano, o primeiro terminou com a vit\u00f3ria do Galo da Comarca por 5 a 0"},"570541":{"titulo":"Sub 15 e Sub 17 Paulista j\u00e1 tem t\u00e9cnicos definidos? Portal FI quer saber quem s\u00e3o.","link":"https:\/\/www.futebolinterior.com.br\/sub-15-e-sub-17-paulista-ja-tem-tecnicos-definidos-portal-fi-quer-saber-quem-sao\/","chapeu":"SUB 15 E SUB 17","data":"04\/04\/2016","imagem":"https:\/\/images.futebolinterior.com.br\/2021\/04\/0002050155970_img-300x133.jpg","resumo":"O Portal Futebol Interior aceitou o desafio de fazer o PLACAR AO VIVO online das categorias Sub 15 e Sub 17 do Campeonato Paulista, mas continua esperando a a\u00e7\u00e3o dos clubes"},"570971":{"titulo":"Segundona: Morre Robinho, ex-jogador da Santacruzense entre 2014 e 2015","link":"https:\/\/www.futebolinterior.com.br\/segundona-morre-robinho-ex-jogador-da-santacruzense-entre-2014-e-2015\/","chapeu":"LUTO","data":"03\/04\/2016","imagem":"https:\/\/images.futebolinterior.com.br\/2021\/04\/0002050155670_img-300x300.jpg","resumo":" atleta Jean Carlos Martins Ara\u00fajo, mais conhecido como Robinho, teve paradas cardiorrespirat\u00f3rias e faleceu."}}