{"1878639":{"titulo":"S\u00e9rie C: Meia tem empr\u00e9stimo encerrado com Manaus-AM a pedido de clube da S\u00e9rie B","link":"https:\/\/www.futebolinterior.com.br\/volante-manaus-emp-encerrado-serie-b\/","chapeu":"SA\u00cdDA","data":"26\/07\/2023","imagem":"https:\/\/images.futebolinterior.com.br\/2023\/07\/WhatsApp-Image-2023-07-26-at-15.34.52-1-300x214.jpeg","resumo":"Jo\u00e3o Lucas disputou dez partidas pelo Manaus-AM, duas como titular e um gol marcado"},"1878615":{"titulo":"S\u00e9rie C: Zagueiro do Oper\u00e1rio-PR tem venda acertada rumo a S\u00e9rie B","link":"https:\/\/www.futebolinterior.com.br\/zagueiro-operario-tem-venda-certa\/","chapeu":"VENDIDO!","data":"26\/07\/2023","imagem":"https:\/\/images.futebolinterior.com.br\/2023\/07\/imagem_2023-07-26_174454065-300x173.png","resumo":"Jonathan Costa disputou 20 partidas pelo Oper\u00e1rio-PR, com tr\u00eas gols marcados"},"1878589":{"titulo":"S\u00e9rie C: Goleiro retorna ao Amazonas-AM para sua 4\u00aa passagem pelo clube","link":"https:\/\/www.futebolinterior.com.br\/goleiro-4a-passagem-no-amazonas\/","chapeu":"QUARTA?","data":"26\/07\/2023","imagem":"https:\/\/images.futebolinterior.com.br\/2023\/07\/imagem_2023-07-26_172837653-300x213.png","resumo":"Oliveira retorna ao Amazonas para realizar sua quarta passagem pelo clube do norte do pa\u00eds"},"1878564":{"titulo":"S\u00e9rie C: Manaus-AM acerta com novo treinador para buscar fuga do rebaixamento","link":"https:\/\/www.futebolinterior.com.br\/manaus-acerta-novo-treinador-fuga\/","chapeu":"CHEGOU?","data":"26\/07\/2023","imagem":"https:\/\/images.futebolinterior.com.br\/2023\/07\/imagem_2023-07-26_165943129-300x194.png","resumo":"O Manaus-AM acertou a chegada de Itamar Sch\u00fclle para as cinco \u00faltimas partidas da primeira fase da S\u00e9rie C"},"1878509":{"titulo":"S\u00e9rie C: Meia aposta em jogos em casa para Figueirense brigar pelo G-8","link":"https:\/\/www.futebolinterior.com.br\/serie-c-meia-aposta-em-jogos-em-casa-para-figueirense-brigar-pelo-g-8\/","chapeu":"CONFIANTE","data":"26\/07\/2023","imagem":"https:\/\/images.futebolinterior.com.br\/2023\/07\/leo-artur-300x177.jpg","resumo":""},"1878495":{"titulo":"S\u00e9rie C: Treinador busca vit\u00f3ria na estreia diante da torcida do Am\u00e9rica-RN","link":"https:\/\/www.futebolinterior.com.br\/serie-c-treinador-busca-vitoria-na-estreia-diante-da-torcida-do-america-rn\/","chapeu":"EXPECTATIVA","data":"26\/07\/2023","imagem":"https:\/\/images.futebolinterior.com.br\/2023\/07\/DADO-america-02-300x198.jpeg","resumo":"No comando do Am\u00e9rica-RN h\u00e1 dois jogos, Dado Cavalcanti tem dois empates fora de casa e no domingo faz sua estreia diante da torcida"},"1877298":{"titulo":"S\u00e9rie C: N\u00e1utico perde zagueiro Odivan por dois meses","link":"https:\/\/www.futebolinterior.com.br\/nautico-perde-zagueiro-odivan\/","chapeu":"DESFALQUE","data":"26\/07\/2023","imagem":"https:\/\/images.futebolinterior.com.br\/2023\/07\/odivan-lesao-nautico-300x207.jpg","resumo":"N\u00e1utico tem desfalque de defensor para continuidade da Terceirona, \u00e0 medida que ganha duas contrata\u00e7\u00f5es no setor defensivo"},"1878156":{"titulo":"S\u00e9rie C: Atacante renova contrato com Oper\u00e1rio-PR durante reta final da primeira fase","link":"https:\/\/www.futebolinterior.com.br\/atacante-renova-operario-final-1fase\/","chapeu":"AT\u00c9 2024","data":"25\/07\/2023","imagem":"https:\/\/images.futebolinterior.com.br\/2023\/07\/imagem_2023-07-25_205519882-300x197.png","resumo":"Erik Bessa renovou seu contrato com o Oper\u00e1rio-PR at\u00e9 o final de 2024, onde o clube sonha em estar disputando a S\u00e9rie B"},"1878121":{"titulo":"S\u00e9rie C: Duelo entre Remo-PA e Ypiranga-RS tem est\u00e1dio alterado","link":"https:\/\/www.futebolinterior.com.br\/remo-ypiranga-tem-estadio-alterado\/","chapeu":"MUDOU","data":"25\/07\/2023","imagem":"https:\/\/images.futebolinterior.com.br\/2023\/05\/imagem_2023-05-23_165744449-300x159.png","resumo":"Na pr\u00f3xima rodada, o Remo-PA mandar\u00e1 o confronto com o Ypiranga-RS no Mangueir\u00e3o, na capital paraense"},"1878094":{"titulo":"S\u00e9rie C: Baier faz contas para classifica\u00e7\u00e3o do Figueirense ap\u00f3s empate: 'Nada perdido'","link":"https:\/\/www.futebolinterior.com.br\/serie-c-baier-faz-contas-para-classificacao-do-figueirense-apos-empate-nada-perdido\/","chapeu":"AINDA D\u00c1","data":"25\/07\/2023","imagem":"https:\/\/images.futebolinterior.com.br\/2023\/07\/Figueirense-Serie-C-4-300x225.jpg","resumo":"Com o resultado, o Figueirense caiu para a 13\u00aa coloca\u00e7\u00e3o, estacionado com 17 pontos e ficou h\u00e1 quatro pontos de diferen\u00e7a do G8"}}