{"1879223":{"titulo":"S\u00e9rie C: Zagueiro do S\u00e3o Bernardo refor\u00e7a time do Z-4 da S\u00e9rie B","link":"https:\/\/www.futebolinterior.com.br\/zag-sao-bernardo-reforca-time-serie-b\/","chapeu":"SA\u00cdDA","data":"27\/07\/2023","imagem":"https:\/\/images.futebolinterior.com.br\/2023\/07\/imagem_2023-07-27_171514427-300x199.png","resumo":"Rafael Vaz disputou 25 partidas pelo S\u00e3o Bernardo na temporada, inclusive com dois gols marcados, mas agora est\u00e1 de sa\u00edda para a S\u00e9rie B"},"1879179":{"titulo":"S\u00e9rie C: N\u00e1utico-PE anuncia atacante ex-Chapecoense, Vasco e Botafogo","link":"https:\/\/www.futebolinterior.com.br\/nautico-anuncia-atacante-ex-vasco\/","chapeu":"CHEGOU","data":"27\/07\/2023","imagem":"https:\/\/images.futebolinterior.com.br\/2023\/07\/imagem_2023-07-27_170518945-300x207.png","resumo":"Ribamar, de 26 anos, \u00e9 o novo refor\u00e7o do N\u00e1utico-PE para brigar pela classifica\u00e7\u00e3o no Brasileir\u00e3o da S\u00e9rie C"},"1879146":{"titulo":"S\u00e9rie C: T\u00e9cnico do Volta Redonda insatisfeito com quebra de sequ\u00eancia: 'Pod\u00edamos ter a vit\u00f3ria'","link":"https:\/\/www.futebolinterior.com.br\/tecnico-volta-redonda-insatisfeito-quebra\/","chapeu":"VOLTA\u00c7O","data":"27\/07\/2023","imagem":"https:\/\/images.futebolinterior.com.br\/2023\/07\/imagem_2023-07-27_162936882-300x191.png","resumo":"Rog\u00e9rio Corr\u00eaa se mostrou feliz com a grande chance do Volta Redonda se classificar, mas ainda prega cautela"},"1878994":{"titulo":"Figueirense ter\u00e1 mudan\u00e7as na busca pela reabilita\u00e7\u00e3o na S\u00e9rie C","link":"https:\/\/www.futebolinterior.com.br\/figueirense-tera-mudancas-na-busca-pela-reabilitacao-na-serie-c\/","chapeu":"COM TUDO","data":"27\/07\/2023","imagem":"https:\/\/images.futebolinterior.com.br\/2023\/07\/Figueirense-Serie-C-desfalques-300x225.jpg","resumo":"Atualmente, o Figueirense caiu para a 13\u00aa coloca\u00e7\u00e3o, estacionado com 17 pontos e ficou h\u00e1 quatro pontos de diferen\u00e7a do G8"},"1878809":{"titulo":"S\u00e9rie C: Novo t\u00e9cnico do Manaus-AM d\u00e1 suas primeiras palavras ap\u00f3s an\u00fancio","link":"https:\/\/www.futebolinterior.com.br\/tec-manaus-primeiras-palavras-pos-anuncio\/","chapeu":"ACREDITA","data":"26\/07\/2023","imagem":"https:\/\/images.futebolinterior.com.br\/2023\/07\/roger-manaus-1-300x174.png","resumo":"Novo t\u00e9cnico do Manaus-AM tranquilizou os torcedores e disse que acredita que far\u00e1 um bom trabalho"},"1878795":{"titulo":"S\u00e9rie C: Lateral do Paysandu-PA fala sobre vit\u00f3rias e alerta duelo com Am\u00e9rica-RN: 'P\u00e9s no ch\u00e3o'","link":"https:\/\/www.futebolinterior.com.br\/lateral-paysandu-vitorias-alerta\/","chapeu":"PAP\u00c3O","data":"26\/07\/2023","imagem":"https:\/\/images.futebolinterior.com.br\/2023\/07\/imagem_2023-07-26_212337331-300x168.png","resumo":"O Paysandu-PA visita o Am\u00e9rica-RN no domingo (30), na Arena das Dunas, tentando adiantar sua chance de se classificar"},"1878739":{"titulo":"S\u00e9rie C: Lateral do Confian\u00e7a-SE comemora vit\u00f3ria sobre o l\u00edder e prev\u00ea duelo no Sul","link":"https:\/\/www.futebolinterior.com.br\/lateral-confianca-vitoria-lider-sul\/","chapeu":"NO SUL","data":"26\/07\/2023","imagem":"https:\/\/images.futebolinterior.com.br\/2023\/07\/imagem_2023-07-26_201524781-300x230.png","resumo":"O Confian\u00e7a-SE venceu o Oper\u00e1rio-PR no Batist\u00e3o, em Aracaju, resultado esse satisfat\u00f3rio aos olhos de Felippe Borges"},"1878708":{"titulo":"S\u00e9rie C: Novo refor\u00e7o do Am\u00e9rica-RN inicia coletiva se retratando com clube e torcida","link":"https:\/\/www.futebolinterior.com.br\/reforco-america-chegou-e-se-retratou\/","chapeu":"EITA","data":"26\/07\/2023","imagem":"https:\/\/images.futebolinterior.com.br\/2023\/07\/imagem_2023-07-26_194338380-300x206.png","resumo":"Vin\u00edcius Paulista teve que se retratar logo no in\u00edcio da coletiva de apresenta\u00e7\u00e3o, por falas anteriores sobre o Am\u00e9rica-RN"},"1878616":{"titulo":"S\u00e9rie C: CSA coloca ingressos a R$ 5 diante do Pouso Alegre","link":"https:\/\/www.futebolinterior.com.br\/csa-ingressos-diante-do-pouso-alegre\/","chapeu":"EM CONTA","data":"26\/07\/2023","imagem":"https:\/\/images.futebolinterior.com.br\/2023\/07\/torcedor-csa-300x200.jpg","resumo":"CSA busca ter for\u00e7a da torcida durante reta final da Terceirona para poder permanecer na caminhada rumo ao retorno \u00e0 Segundona"},"1878686":{"titulo":"S\u00e9rie C: Manaus-AM surpreende e anuncia t\u00e9cnico ex-Pouso Alegre-MG","link":"https:\/\/www.futebolinterior.com.br\/manaus-surpreende-anuncia-4o-tecnico\/","chapeu":"T\u00c9CNICO","data":"26\/07\/2023","imagem":"https:\/\/images.futebolinterior.com.br\/2023\/07\/imagem_2023-07-26_184940132-300x200.png","resumo":"Roger Silva chega ao Manaus-AM para comandar seu quarto time na carreira, j\u00e1 com experi\u00eancia na S\u00e9rie C"}}