{"1464298":{"titulo":"S\u00e9rie C: Ferrovi\u00e1rio fez \u00faltimo treino antes de embarcar para o RJ e volante foca em duelo direto","link":"https:\/\/www.futebolinterior.com.br\/serie-c-ferroviario-fez-ultimo-treino-antes-de-embarcar-para-o-rj-e-volante-foca-em-duelo-direto\/","chapeu":"COM TUDO","data":"02\/09\/2021","imagem":"https:\/\/images.futebolinterior.com.br\/2021\/09\/IMG-20210902-WA0022-300x200.jpg","resumo":""},"1464268":{"titulo":"T\u00e9cnico campe\u00e3o da S\u00e9rie D e com \u00f3timos trabalhos, analisa propostas","link":"https:\/\/www.futebolinterior.com.br\/tecnico-campeao-da-serie-d-e-com-otimos-trabalhos-analisa-propostas\/","chapeu":"NO MERCADO","data":"02\/09\/2021","imagem":"https:\/\/images.futebolinterior.com.br\/2021\/09\/waguinho-287x300.png","resumo":""},"1464163":{"titulo":"S\u00e9rie C: Mesmo ap\u00f3s primeira negativa, Paysandu segue negociando com destaque da S\u00e9rie D","link":"https:\/\/www.futebolinterior.com.br\/serie-c-mesmo-apos-primeira-negativa-paysandu-segue-negociado-com-destaque-da-serie-d\/","chapeu":"NEGOCIA\u00c7\u00c3O","data":"02\/09\/2021","imagem":"https:\/\/images.futebolinterior.com.br\/2021\/09\/Screenshot-2021-09-02-at-11-50-46-Papao-oferece-um-jogador-por-Fazendinha-Castanhal-recusa-mas-nao-dificulta-saida-300x268.png","resumo":""},"1464122":{"titulo":"Ap\u00f3s operar os \"pa\u00edses baixos\", atacante da S\u00e9rie C recebe alta e inicia recupera\u00e7\u00e3o","link":"https:\/\/www.futebolinterior.com.br\/apos-operar-os-paises-baixos-atacante-da-serie-c-recebe-alta-e-inicia-recuperacao\/","chapeu":"QUE SUSTO!","data":"02\/09\/2021","imagem":"https:\/\/images.futebolinterior.com.br\/2021\/09\/MV-volta-redonda-e1630590897443-300x254.jpg","resumo":"Jogador do Volta\u00e7o precisou operar o saco escrotal em Recife ap\u00f3s receber um pis\u00e3o l\u00e1 de Tarc\u00edsio"},"1464117":{"titulo":"S\u00e9rie C: Crici\u00fama apresenta zagueiro e atacante que fala no acesso: 'Foco no objetivo'","link":"https:\/\/www.futebolinterior.com.br\/serie-c-criciuma-apresenta-zagueiro-e-atacante-que-fala-no-acesso-foco-no-objetivo\/","chapeu":"COM TUDO","data":"02\/09\/2021","imagem":"https:\/\/images.futebolinterior.com.br\/2021\/09\/IMG_6916-215x300.jpg","resumo":""},"1463830":{"titulo":"S\u00e9rie C: Crici\u00fama refor\u00e7a sistema defensivo com zagueiro ex-Ava\u00ed","link":"https:\/\/www.futebolinterior.com.br\/serie-c-criciuma-reforca-sistema-defensivo-com-zagueiro-ex-avai\/","chapeu":"NOVIDADE","data":"01\/09\/2021","imagem":"https:\/\/images.futebolinterior.com.br\/2021\/09\/IMG_6584-2-e1630534958922-300x216.jpg","resumo":"Crici\u00fama refor\u00e7a sistema defensivo com zagueiro Henrique, de 25 anos"},"1463852":{"titulo":"S\u00e9rie C: Meia confia no Figueirense em jogo importante para o G4: \"Vamos fazer um grande jogo\"","link":"https:\/\/www.futebolinterior.com.br\/serie-c-meia-confia-no-figueirense-em-jogo-importante-para-o-g4-vamos-fazer-um-grande-jogo\/","chapeu":"PRA CIMA!","data":"01\/09\/2021","imagem":"https:\/\/images.futebolinterior.com.br\/2021\/09\/guilherme-garre-figueirense-300x200.jpg","resumo":"Figueirense parou na sexta coloca\u00e7\u00e3o com 20 pontos, a cinco do Ituano que fecha o G4"},"1463824":{"titulo":"Novorizontino-SP participa de projeto voltado para literatura em retorno \u00e0s aulas presenciais","link":"https:\/\/www.futebolinterior.com.br\/novorizontino-sp-participa-de-projeto-voltado-para-literatura-em-retorno-as-aulas-presenciais\/","chapeu":"'DESAFIO LITER\u00c1RIO'","data":"01\/09\/2021","imagem":"https:\/\/images.futebolinterior.com.br\/2021\/09\/DESAFIOLITERARIO2021-300x169.jpg","resumo":"Presidente Genilson da Rocha Santos acompanhou o evento"},"1463796":{"titulo":"S\u00e9rie C: Treinador do Volta Redonda-RJ se revolta com arbitragem: '\u00c9 uma covardia'","link":"https:\/\/www.futebolinterior.com.br\/serie-c-treinador-do-volta-redonda-rj-se-revolta-com-arbitragem-e-uma-covardia\/","chapeu":"COVARDIA","data":"01\/09\/2021","imagem":"https:\/\/images.futebolinterior.com.br\/2021\/09\/Volta-Redonda-300x200.jpg","resumo":"Neto Colucci soltou o verbo e falou at\u00e9 em persegui\u00e7\u00e3o"},"1463785":{"titulo":"Ex-meia do Corinthians tem foto de sexo vazada. VEJA AQUI!","link":"https:\/\/www.futebolinterior.com.br\/ex-meia-do-corinthians-tem-foto-de-sexo-vazada-veja-aqui\/","chapeu":"VIXI","data":"01\/09\/2021","imagem":"https:\/\/images.futebolinterior.com.br\/2021\/09\/ituano0111-300x245.jpg","resumo":""}}