{"1464689":{"titulo":"S\u00e9rie C: Mirassol-SP precisa de 'um passo' para reencontrar vit\u00f3rias e n\u00e3o desanimar","link":"https:\/\/www.futebolinterior.com.br\/serie-c-mirassol-sp-precisa-de-um-passo-para-reencontrar-vitorias-e-nao-desanimar\/","chapeu":"S\u00d3 UM PASSO","data":"02\/09\/2021","imagem":"https:\/\/images.futebolinterior.com.br\/2021\/09\/Mirassol-Eduardo-Baptista-300x208.jpg","resumo":"Eduardo Baptista se mostra confiante em recupera\u00e7\u00e3o "},"1464657":{"titulo":"S\u00e9rie C: Manaus-AM pode ter reestreia na pr\u00f3xima rodada","link":"https:\/\/www.futebolinterior.com.br\/serie-c-manaus-am-pode-ter-reestreia-na-proxima-rodada\/","chapeu":"J\u00c1 VAI JOGAR?","data":"02\/09\/2021","imagem":"https:\/\/images.futebolinterior.com.br\/2021\/09\/Manaus-Derlan-e1630624945118-300x234.jpg","resumo":"Derlan mal voltou e \u00e9 cotado para ser titular"},"1464567":{"titulo":"S\u00e9rie C: Solidariedade ofensiva \u00e9 a marca do terceiro melhor ataque na competi\u00e7\u00e3o","link":"https:\/\/www.futebolinterior.com.br\/serie-c-solidariedade-ofensiva-e-a-marca-do-terceiro-melhor-ataque-na-competicao\/","chapeu":"SOLIDARIEDADE","data":"02\/09\/2021","imagem":"https:\/\/images.futebolinterior.com.br\/2021\/09\/Tiago-Marques-Ituano-300x200.jpeg","resumo":"Nem o artilheiro do Galo \u00e9 'fominha'"},"1464304":{"titulo":"Mirassol-SP x S\u00e3o Jos\u00e9-RS - A miss\u00e3o \u00e9 a mesma: vencer e se afastar do Z2","link":"https:\/\/www.futebolinterior.com.br\/mirassol-sp-x-sao-jose-rs-a-missao-e-a-mesma-vencer-e-se-afastar-do-z2\/","chapeu":"QUEM LEVA?","data":"02\/09\/2021","imagem":"https:\/\/images.futebolinterior.com.br\/2021\/09\/abracos-mirassol-serieC-2021-e1628988302813-300x213.jpg","resumo":""},"1464470":{"titulo":"S\u00e9rie C: 'Dores de cabe\u00e7a' acompanham boa fase do Santa Cruz-PE","link":"https:\/\/www.futebolinterior.com.br\/serie-c-dores-de-cabeca-acompanham-boa-fase-do-santa-cruz-pe\/","chapeu":"'DORES DE CABE\u00c7A'","data":"02\/09\/2021","imagem":"https:\/\/images.futebolinterior.com.br\/2021\/09\/Santa-Cruz-Paysandu-300x200.jpeg","resumo":"Roberto Fernandes pode ter para enfrentar o Paysandu"},"1464453":{"titulo":"S\u00e9rie C: Com um desfalque, Altos relaciona 27 jogadores para 'duelo de vida ou morte'","link":"https:\/\/www.futebolinterior.com.br\/serie-c-com-um-desfalque-altos-relaciona-27-jogadores-para-duelo-de-vida-ou-morte\/","chapeu":"VAI QUE VAI","data":"02\/09\/2021","imagem":"https:\/\/images.futebolinterior.com.br\/2021\/09\/E91WPPqXoAM8_NC-300x191.jpg","resumo":""},"1464445":{"titulo":"S\u00e9rie C: Mais um! Zagueiro acerta rescis\u00e3o e deixa o Paran\u00e1-PR","link":"https:\/\/www.futebolinterior.com.br\/serie-c-mais-um-zagueiro-acerta-rescisao-e-deixa-o-parana-pr\/","chapeu":"QUEM N\u00c3O SAI?","data":"02\/09\/2021","imagem":"https:\/\/images.futebolinterior.com.br\/2021\/09\/Jonathan-Costa-Parana-300x216.jpg","resumo":"J\u00e1 s\u00e3o 28 sa\u00eddas s\u00f3 em 2021"},"1464411":{"titulo":"S\u00e9rie C: Botafogo-SP precisa melhorar a defesa em jogo quase de 'vida ou morte'","link":"https:\/\/www.futebolinterior.com.br\/serie-c-botafogo-sp-precisa-melhorar-a-defesa-em-jogo-quase-de-vida-ou-morte\/","chapeu":"DEFESA VAZADA","data":"02\/09\/2021","imagem":"https:\/\/images.futebolinterior.com.br\/2021\/09\/Botafogo-Fabao-300x198.jpg","resumo":"Zagueiro Fab\u00e3o lamenta queda defensiva, mas diz que j\u00e1 passou"},"1464388":{"titulo":"Confira como est\u00e1 a situa\u00e7\u00e3o de cada Grupo na S\u00e9rie C a quatro rodadas da pr\u00f3xima fase","link":"https:\/\/www.futebolinterior.com.br\/confira-como-esta-a-situacao-de-cada-grupo-na-serie-c-a-quatro-rodadas-da-proxima-fase\/","chapeu":"S\u00c9RIE C","data":"02\/09\/2021","imagem":"https:\/\/images.futebolinterior.com.br\/2021\/09\/Serie-C-300x200.jpg","resumo":"Ningu\u00e9m garantiu classifica\u00e7\u00e3o ou rebaixamento, mas as defini\u00e7\u00f5es est\u00e3o pr\u00f3ximas"},"1464354":{"titulo":"S\u00e9rie C: Incomodado com o Z2, t\u00e9cnico do Jacuipense-BA foca na reabilita\u00e7\u00e3o: 'Vamos evitar o rebaixamento'","link":"https:\/\/www.futebolinterior.com.br\/serie-c-incomodado-com-o-z2-tecnico-do-jacuipense-ba-foca-na-reabilitacao-vamos-evitar-o-rebaixamento\/","chapeu":"FOCO TOTAL","data":"02\/09\/2021","imagem":"https:\/\/images.futebolinterior.com.br\/2021\/09\/E-EiWeWXEAIfuTh-300x284.jpg","resumo":""}}