{"1463712":{"titulo":"Goi\u00e1s sanciona Lei mais rigorosa para casos de racismo no esporte","link":"https:\/\/www.futebolinterior.com.br\/goias-sanciona-lei-mais-rigorosa-para-casos-de-racismo-no-esporte\/","chapeu":"EM CIMA!","data":"01\/09\/2021","imagem":"https:\/\/images.futebolinterior.com.br\/2021\/09\/Estadio_Divulgacao_02_ori-300x131.jpg","resumo":"Infratores podem ser proibidos de frequentar eventos esportivos por um per\u00edodo que varia de dois a cinco anos"},"1463636":{"titulo":"S\u00e9rie C: Apesar da experi\u00eancia, volante do Botafogo-SP perde vaga para jovem promessa","link":"https:\/\/www.futebolinterior.com.br\/serie-c-apesar-da-experiencia-volante-do-botafogo-sp-perde-vaga-para-jovem-promessa\/","chapeu":"EXPERI\u00caNCIA NO BANCO","data":"01\/09\/2021","imagem":"https:\/\/images.futebolinterior.com.br\/2021\/09\/Botafogo-Bolt-300x200.jpg","resumo":"Bolt viu a ascens\u00e3o de Caetano e precisa trabalhar"},"1463617":{"titulo":"Campe\u00e3o mundial, ex-Inter, Boca e Corinthians vira t\u00e9cnico aos 47 anos","link":"https:\/\/www.futebolinterior.com.br\/campeao-mundial-ex-inter-boca-e-corinthians-vira-tecnico-aos-47-anos\/","chapeu":"LEMBRA DELE?","data":"01\/09\/2021","imagem":"https:\/\/images.futebolinterior.com.br\/2021\/09\/iarley-300x297.jpg","resumo":"Ex-jogador usou as redes sociais para afirmar que ir\u00e1 come\u00e7ar um novo projeto no esporte"},"1463568":{"titulo":"S\u00e9rie C: Em busca da classifica\u00e7\u00e3o t\u00e9cnico ir\u00e1 completar 40 jogos no comando do Ferrovi\u00e1rio-CE","link":"https:\/\/www.futebolinterior.com.br\/serie-c-em-busca-da-classificacao-tecnico-ira-completar-40-jogos-no-comando-do-ferroviario-ce\/","chapeu":"N\u00daMERO EXPRESSIVO","data":"01\/09\/2021","imagem":"https:\/\/images.futebolinterior.com.br\/2021\/09\/Dia-300x199.png","resumo":"Time ainda tem grandes chances de classifica\u00e7\u00e3o"},"1463575":{"titulo":"S\u00e9rie C: Capit\u00e3o do acesso na \u00faltima temporada retorna ao Manaus-AM e abre o cora\u00e7\u00e3o","link":"https:\/\/www.futebolinterior.com.br\/serie-c-capitao-do-acesso-na-ultima-temporada-retorna-ao-manaus-am-e-abre-o-coracao\/","chapeu":"LAR DOCE LAR","data":"01\/09\/2021","imagem":"https:\/\/images.futebolinterior.com.br\/2021\/09\/Manaus-Darlan-300x200.jpeg","resumo":"Darlan \u00e9 o segundo jogador que mais vestiu o manto do Gavi\u00e3o"},"1463545":{"titulo":"S\u00e9rie C: Focado na classifica\u00e7\u00e3o, Paysandu contrata dois refor\u00e7os e coloca destaque de time da S\u00e9rie D no radar","link":"https:\/\/www.futebolinterior.com.br\/serie-c-focado-na-classificacao-paysandu-contrata-dois-reforcos-e-coloca-destaque-de-time-da-serie-d-no-radar\/","chapeu":"A\u00cd SIM","data":"01\/09\/2021","imagem":"https:\/\/images.futebolinterior.com.br\/2021\/09\/E-Nf5XjWYAsNixs-225x300.jpg","resumo":""},"1463532":{"titulo":"S\u00e9rie C: Lutando contra o rebaixamento, Santa Cruz libera jogador para Portugal e atacante tem les\u00e3o confirmada","link":"https:\/\/www.futebolinterior.com.br\/serie-c-lutando-contra-o-rebaixamento-santa-cruz-libera-jogador-para-portugal-e-atacante-tem-lesao-confirmada\/","chapeu":"BAIXAS","data":"01\/09\/2021","imagem":"https:\/\/images.futebolinterior.com.br\/2021\/09\/Screenshot-2021-09-01-at-13-55-15-Madson-se-despede-do-Santa-Cruz-e-encaminha-ida-ao-futebol-portugues-300x213.png","resumo":""},"1463526":{"titulo":"S\u00e9rie C: Dono da melhor campanha, t\u00e9cnico do Ypiranga-RS foca na reta final: 'Estamos crescendo'","link":"https:\/\/www.futebolinterior.com.br\/serie-c-dono-da-melhor-campanha-tecnico-do-ypiranga-rs-foca-na-reta-final-estamos-crescendo\/","chapeu":"PARA CIMA","data":"01\/09\/2021","imagem":"https:\/\/images.futebolinterior.com.br\/2021\/09\/Junior-Rocha-Ypiranga-V-300x286.jpg","resumo":""},"1463464":{"titulo":"S\u00e9rie C: Meia-atacante que chegou como aposta e n\u00e3o balan\u00e7ou \u00e0s redes, deixa o Crici\u00fama","link":"https:\/\/www.futebolinterior.com.br\/serie-c-meia-atacante-que-chegou-como-aposta-e-nao-balancou-as-redes-deixa-o-criciuma\/","chapeu":"J\u00c1 FOI","data":"01\/09\/2021","imagem":"https:\/\/images.futebolinterior.com.br\/2021\/09\/jesse-e-warley-sao-apresentados-oficialmente-pelo-tigre-300x228.jpg","resumo":""},"1463447":{"titulo":"S\u00e9rie C: Import\u00e2ncia do jogo pode fazer Figueirense antecipar estreia de ex-Ava\u00ed","link":"https:\/\/www.futebolinterior.com.br\/serie-c-importancia-do-jogo-pode-fazer-figueirense-antecipar-estreia-de-ex-avai\/","chapeu":"NOVIDADE","data":"01\/09\/2021","imagem":"https:\/\/images.futebolinterior.com.br\/2021\/09\/figueirense019-300x207.jpg","resumo":""}}