{"1067557":{"titulo":"Sem atacantes, Crici\u00fama finaliza prepara\u00e7\u00e3o para encarar Fluminense na Copa do Brasil","link":"https:\/\/www.futebolinterior.com.br\/sem-atacantes-criciuma-finaliza-preparacao-para-encarar-fluminense-na-copa-do-brasil\/","chapeu":"FOCO TOTAL","data":"26\/07\/2021","imagem":"https:\/\/images.futebolinterior.com.br\/2021\/07\/E7QAa3PX0AA2U-o-300x200.jpg","resumo":""},"1067515":{"titulo":"S\u00e9rie C: Na luta contra o rebaixamento, Paran\u00e1 anuncia mudan\u00e7as no departamento de futebol","link":"https:\/\/www.futebolinterior.com.br\/serie-c-na-luta-contra-o-rebaixamento-parana-anuncia-mudancas-no-departamento-de-futebol\/","chapeu":"NOVIDADES","data":"26\/07\/2021","imagem":"https:\/\/images.futebolinterior.com.br\/2021\/07\/nardi_arthur-10-300x200.jpg","resumo":""},"1067499":{"titulo":"Exclusivo! Ex-Ponte, Brigatti assume time que ainda n\u00e3o venceu na S\u00e9rie C","link":"https:\/\/www.futebolinterior.com.br\/exclusivo-tecnico-ex-ponte-assume-oeste-para-sequencia-da-serie-c\/","chapeu":"DEFINIDO","data":"26\/07\/2021","imagem":"https:\/\/images.futebolinterior.com.br\/2021\/07\/0002050483928_img-300x169.jpg","resumo":""},"1067466":{"titulo":"Justi\u00e7a anula elei\u00e7\u00e3o de Caboclo e nomeia presidentes de Flamengo e FPF como interventores da CBF","link":"https:\/\/www.futebolinterior.com.br\/justica-anula-eleicao-de-caboclo-e-nomeia-presidentes-de-flamengo-e-fpf-como-interventores-da-cbf\/","chapeu":"REVIRAVOLTA","data":"26\/07\/2021","imagem":"https:\/\/images.futebolinterior.com.br\/2021\/07\/0002050536482_img-300x153.jpg","resumo":""},"1067386":{"titulo":"S\u00e9rie C: Mazola J\u00fanior \u00e9 sincero quanto a campanha do Ituano-SP: \u2018Grande surpresa\u2019","link":"https:\/\/www.futebolinterior.com.br\/serie-c-mazola-junior-e-sincero-quanto-a-campanha-do-ituano-sp-grande-surpresa\/","chapeu":"SURPRESA","data":"26\/07\/2021","imagem":"https:\/\/images.futebolinterior.com.br\/2021\/07\/ituano-e1627326539150-300x255.jpg","resumo":"Treinador ainda falou que, no segundo turno, time ser\u00e1 mais forte"},"1067372":{"titulo":"S\u00e9rie C: Santa Cruz acerta retorno de atacante que estava no Mundo \u00c1rabe","link":"https:\/\/www.futebolinterior.com.br\/serie-c-santa-cruz-acerta-retorno-de-atacante-que-estava-no-mundo-arabe\/","chapeu":"REFOR\u00c7O","data":"26\/07\/2021","imagem":"https:\/\/images.futebolinterior.com.br\/2021\/07\/generla-300x166.png","resumo":""},"1067157":{"titulo":"Ap\u00f3s queda do RB Braga, apenas um clube da S\u00e9rie B segue invicto nas tr\u00eas divis\u00f5es do Brasileir\u00e3o","link":"https:\/\/www.futebolinterior.com.br\/apos-queda-do-rb-braga-apenas-clube-da-serie-b-segue-invicto-nas-tres-divisoes-do-brasileirao\/","chapeu":"RESTA UM!","data":"26\/07\/2021","imagem":"https:\/\/images.futebolinterior.com.br\/2021\/07\/Nau_CaioFalcao_03_ori-300x200.jpg","resumo":"N\u00e1utico ficou isolado entre os invictos ap\u00f3s a queda do Red Bull Bragantino"},"1066856":{"titulo":"PLACAR FI: Flamengo goleia, RB Bragantino perde primeira e Brasil empata; TODOS os resultados do domingo","link":"https:\/\/www.futebolinterior.com.br\/placar-fi-flamengo-goleia-rb-bragantino-perde-primeira-e-brasil-empata-todos-os-resultados-do-domingo\/","chapeu":"JOGOS DO DIA","data":"25\/07\/2021","imagem":"https:\/\/images.futebolinterior.com.br\/2022\/04\/Captura-da-Web_25-7-2021_211153_br.bolavip.com_-e1649551274118-300x175.jpeg","resumo":""},"1066850":{"titulo":"S\u00c9RIE C: Virada do Botafogo no Ituano deixa igual a briga por vaga dentro do Grupo B","link":"https:\/\/www.futebolinterior.com.br\/serie-c-virada-do-botafogo-no-ituano-deixa-igual-a-briga-por-vaga-dentro-do-grupo-b\/","chapeu":"EQUIL\u00cdBRIO","data":"25\/07\/2021","imagem":"https:\/\/images.futebolinterior.com.br\/2021\/07\/golituano.botafogo.2021-e1627258025817-300x204.jpg","resumo":"Briga boa pela quarta vaga do Grupo B entre dois clubes paulistas"},"1066724":{"titulo":"Manaus-AM 1 x 1 Paysandu-PA \u2013 Pap\u00e3o busca empate no \u00faltimo lance em Manaus","link":"https:\/\/www.futebolinterior.com.br\/manaus-am-1-x-1-paysandu-pa-papao-busca-empate-no-ultimo-lance-em-manaus\/","chapeu":"EMO\u00c7\u00c3O EM MANAUS","data":"25\/07\/2021","imagem":"https:\/\/images.futebolinterior.com.br\/2021\/07\/img-20210725-165320-592-300x169.jpg","resumo":""}}