{"1068239":{"titulo":"Vai voltar ? Diretor de clube da S\u00e9rie C pede a governador retorno de p\u00fablico nos est\u00e1dios","link":"https:\/\/www.futebolinterior.com.br\/vai-voltar-diretor-de-clube-da-serie-c-pede-a-governador-retorno-de-publico-nos-estadios\/","chapeu":"\u00c9 SEGURO ?","data":"27\/07\/2021","imagem":"https:\/\/images.futebolinterior.com.br\/2021\/07\/mirinda-300x199.png","resumo":""},"1068113":{"titulo":"Clube da S\u00e9rie C acerta com ex-t\u00e9cnico de Guarani e XV de Piracicaba","link":"https:\/\/www.futebolinterior.com.br\/clube-da-serie-c-acerta-com-ex-tecnico-de-guarani-e-xv-de-piracicaba\/","chapeu":"NOVO COMANDO!","data":"27\/07\/2021","imagem":"https:\/\/images.futebolinterior.com.br\/2021\/07\/evaristo-1-300x200.jpg","resumo":""},"1067864":{"titulo":"S\u00e9rie C: No mercado, Manaus sonda, mas t\u00e9cnico ir\u00e1 permanecer em time da S\u00e9rie D","link":"https:\/\/www.futebolinterior.com.br\/serie-c-no-mercado-manaus-sonda-mas-tecnico-ira-permanecer-em-time-da-serie-d\/","chapeu":"SEM MATCH","data":"26\/07\/2021","imagem":"https:\/\/images.futebolinterior.com.br\/2021\/07\/E7RCAf0XoAEf8QF-300x200.jpg","resumo":""},"1067789":{"titulo":"S\u00e9rie C: Paysandu age r\u00e1pido e anuncia t\u00e9cnico rodado no interior paulista","link":"https:\/\/www.futebolinterior.com.br\/serie-c-paysandu-age-rapido-e-anuncia-tecnico-rodado-no-interior-paulista\/","chapeu":"MAS J\u00c1?","data":"26\/07\/2021","imagem":"https:\/\/images.futebolinterior.com.br\/2021\/07\/Fonseca-e1627347006486-300x224.jpg","resumo":""},"1067738":{"titulo":"S\u00e9rie C: Jogadores projetam returno dif\u00edcil, mas confiam em classifica\u00e7\u00e3o do Novorizontino","link":"https:\/\/www.futebolinterior.com.br\/serie-c-jogadores-projetam-returno-dificil-mas-confiam-em-classificacao-do-novorizontino\/","chapeu":"COM TUDO","data":"26\/07\/2021","imagem":"https:\/\/images.futebolinterior.com.br\/2021\/07\/TREINO-2-300x225.jpg","resumo":""},"1067592":{"titulo":"Com base do Botafogo-SP e Argel Fuchs no comando, confira a Sele\u00e7\u00e3o FI da 9\u00aa rodada da S\u00e9rie C","link":"https:\/\/www.futebolinterior.com.br\/com-base-do-botafogo-sp-e-argel-fuchs-no-comando-confira-a-selecao-fi-da-9a-rodada-da-serie-c\/","chapeu":"OS MELHORES","data":"26\/07\/2021","imagem":"https:\/\/images.futebolinterior.com.br\/2021\/07\/selecao1-300x200.jpeg","resumo":""},"1067666":{"titulo":"CBF confirma VAR com custo zero para as S\u00e9ries B, C e D do Brasileiro","link":"https:\/\/www.futebolinterior.com.br\/cbf-confirma-var-com-custo-zero-para-as-series-b-c-e-d-do-brasileiro\/","chapeu":"BOA NOT\u00cdCIA","data":"26\/07\/2021","imagem":"https:\/\/images.futebolinterior.com.br\/2021\/07\/Var-Brasilleiro-Serie-B-C-D-930x620-1-300x200.jpeg","resumo":""},"1067661":{"titulo":"S\u00e9rie C: Sem vencer h\u00e1 4 jogos, Manaus demite Marcelo Martelotte","link":"https:\/\/www.futebolinterior.com.br\/serie-c-sem-vencer-ha-4-jogos-manaus-demite-marcelo-martelotte\/","chapeu":"EITA","data":"26\/07\/2021","imagem":"https:\/\/images.futebolinterior.com.br\/2021\/07\/Martelotte-300x200.jpg","resumo":""},"1067608":{"titulo":"Time da S\u00e9rie C anuncia demiss\u00e3o de t\u00e9cnico com apenas duas derrotas","link":"https:\/\/www.futebolinterior.com.br\/time-da-serie-c-anuncia-demissao-de-tecnico-com-apenas-duas-derrotas\/","chapeu":"SAIU","data":"26\/07\/2021","imagem":"https:\/\/images.futebolinterior.com.br\/2021\/07\/Eutropio-300x150.jpeg","resumo":""},"1067573":{"titulo":"S\u00e9rie C: Treinador do Figueirense passa confian\u00e7a ao elenco ap\u00f3s sequ\u00eancia ruim","link":"https:\/\/www.futebolinterior.com.br\/serie-c-treinador-do-figueirense-passa-confianca-ao-elenco-apos-sequencia-ruim\/","chapeu":"\u00c9 O JEITO","data":"26\/07\/2021","imagem":"https:\/\/images.futebolinterior.com.br\/2021\/07\/figueirense01-300x201.jpg","resumo":""}}