{"711764":{"titulo":"S\u00e9rie C: Paysandu contrata Fernando Lombardi, do S\u00e3o Bernardo, e R\u00f4mulo, do Vit\u00f3ria","link":"https:\/\/www.futebolinterior.com.br\/serie-c-paysandu-contrata-fernando-lombardi-do-sao-bernardo-e-romulo-do-vitoria\/","chapeu":"MERCADO!","data":"04\/08\/2014","imagem":"https:\/\/images.futebolinterior.com.br\/2021\/05\/0002050018452_img-300x214.jpg","resumo":"Nesta segunda-feira, o Pap\u00e3o confirmou as chegadas do zagueiro Fernando Lombardi, do S\u00e3o Bernardo, e do atacante R\u00f4mulo, do Vit\u00f3ria."},"711790":{"titulo":"Salva\u00e7\u00e3o dos clubes? Novo Proforte poder\u00e1 ser votado nesta ter\u00e7a em Bras\u00edlia","link":"https:\/\/www.futebolinterior.com.br\/salvacao-dos-clubes-novo-proforte-podera-ser-votado-nesta-terca-em-brasilia\/","chapeu":"AGORA SAI?","data":"04\/08\/2014","imagem":"https:\/\/images.futebolinterior.com.br\/2021\/05\/0002050018440_img-300x197.jpg","resumo":"A Lei de Responsabilidade Fiscal do Esporte dever\u00e1 entrar nesta ter\u00e7a-feira na pauta de discuss\u00e3o da C\u00e2mara dos Deputados, em Bras\u00edlia, em regime de urg\u00eancia."},"711783":{"titulo":"S\u00e9rie C: Guarani deve contratar Ivonaldo, encostado no Icasa","link":"https:\/\/www.futebolinterior.com.br\/serie-c-guarani-deve-contratar-ivonaldo-encostado-no-icasa\/","chapeu":"NOVIDADE!","data":"04\/08\/2014","imagem":"https:\/\/images.futebolinterior.com.br\/2021\/05\/0002050018431_img-300x225.jpg","resumo":"Dirigente do Bugre anunciou que clube j\u00e1 tem um novo lateral. Tudo indica que o novo camisa 2 a ser apresentado nesta semana \u00e9 Ivonaldo, que estava encostado no Icasa. "},"711794":{"titulo":"Secret\u00e1rio S\u00e9rgio Velloso do Minist\u00e9rio dos Esportes diz que nova lei vai ser \"marco zero\" para futebol brasileiro","link":"https:\/\/www.futebolinterior.com.br\/secretario-sergio-velloso-do-ministerio-dos-esportes-diz-que-nova-lei-vai-ser-marco-zero-para-futebol-brasileiro\/","chapeu":"MARCO ZERO","data":"04\/08\/2014","imagem":"https:\/\/images.futebolinterior.com.br\/2021\/05\/0002050018423_img-300x175.jpg","resumo":"Um \u201cMarco Zero\u201d para o futebol brasileiro. Desta forma resumiu o novo projeto do governo federal para os clubes do pa\u00eds o secret\u00e1rio de futebol do Minist\u00e9rio dos Esportes."},"711807":{"titulo":"S\u00e9rie C: Mogi Mirim prova a\u00e7\u00e3o movida por Henrique Stort","link":"https:\/\/www.futebolinterior.com.br\/serie-c-mogi-mirim-prova-acao-movida-por-henrique-stort\/","chapeu":"PANOS PRA MANGA","data":"04\/08\/2014","imagem":"https:\/\/images.futebolinterior.com.br\/2021\/05\/0002050018412_img-215x300.jpg","resumo":"Departamento Jur\u00eddico do Sapo divulgou uma c\u00f3pia da a\u00e7\u00e3o trabalhista movida pelo ex-dirigente, que nega o fato"},"711839":{"titulo":"S\u00e9rie C: Madureira perde Fernandinho e Diego Carlos para o futebol portugu\u00eas","link":"https:\/\/www.futebolinterior.com.br\/serie-c-madureira-perde-fernandinho-e-diego-carlos-para-o-futebol-portugues\/","chapeu":"NA EUROPA!","data":"04\/08\/2014","imagem":"https:\/\/images.futebolinterior.com.br\/2021\/05\/0002050018383_img-300x225.jpg","resumo":"O Madureira perdeu dois jogadores importantes para a sequ\u00eancia da temporada. Contratados para disputar a S\u00e9rie C, o atacante Fernandinho e o zagueiro Diego Carlos v\u00e3o para Portugal"},"711844":{"titulo":"Participe do concurso \"110 Anos da Estrela Solit\u00e1ria\" e concorra a uma camisa autografada do Botafogo!","link":"https:\/\/www.futebolinterior.com.br\/participe-do-concurso-110-anos-da-estrela-solitaria-e-concorra-a-uma-camisa-autografada-do-botafogo\/","chapeu":"N\u00c3O PERCAM!","data":"04\/08\/2014","imagem":"https:\/\/images.futebolinterior.com.br\/2021\/05\/0002050018361_img-300x223.jpg","resumo":"Quem escrever uma frase homenageando o Fog\u00e3o pelo seu anivers\u00e1rio ganhar\u00e1 a premia\u00e7\u00e3o"},"711887":{"titulo":"S\u00e9rie C: ASA demite Beto Almeida e Francisco Di\u00e1 \u00e9 o preferido para assumir","link":"https:\/\/www.futebolinterior.com.br\/serie-c-asa-demite-beto-almeida-e-francisco-dia-e-o-preferido-para-assumir\/","chapeu":"CAIU!","data":"04\/08\/2014","imagem":"https:\/\/images.futebolinterior.com.br\/2021\/05\/0002050018321_img-300x211.jpg","resumo":"Em m\u00e1 fase na S\u00e9rie C do Campeonato Brasileiro, o ASA pode mudar o comandante nos pr\u00f3ximos dias. Com a sequ\u00eancia de cinco jogos sem vit\u00f3ria, a diretoria j\u00e1 negocia a sa\u00edda de Beto."},"711880":{"titulo":"Destaque do Caxias, Tiago Pagnussat fica perto de acerto com Atl\u00e9tico-MG","link":"https:\/\/www.futebolinterior.com.br\/destaque-do-caxias-tiago-pagnussat-fica-perto-de-acerto-com-atletico-mg\/","chapeu":"NA S\u00c9RIE A?","data":"04\/08\/2014","imagem":"https:\/\/images.futebolinterior.com.br\/2021\/05\/0002050018335_img-300x192.jpg","resumo":"Ap\u00f3s mais uma boa vit\u00f3ria na S\u00e9rie C do Campeonato Brasileiro, o Caxias pode ter uma baixa para a sequ\u00eancia da competi\u00e7\u00e3o. Destaque da equipe, o zagueiro Tiago Pagnussat pode sair."},"711915":{"titulo":"S\u00e9rie C: Evaristo Piza j\u00e1 fala em n\u00fameros para conseguir a classifica\u00e7\u00e3o","link":"https:\/\/www.futebolinterior.com.br\/serie-c-evaristo-piza-ja-fala-em-numeros-para-conseguir-a-classificacao\/","chapeu":"CONTAS","data":"04\/08\/2014","imagem":"https:\/\/images.futebolinterior.com.br\/2021\/05\/0002050018292_img-300x180.jpg","resumo":"Com tr\u00eas empates nos \u00faltimos tr\u00eas jogos disputados no Campeonato Brasileiro da S\u00e9rie C, diante de Mogi Mirim, Caxias e Tupi, o Guarani "}}