{"709862":{"titulo":"R\u00e1dio Mantiqueira d\u00e1 show de cobertura em cl\u00e1ssico na Vila Belmiro","link":"https:\/\/www.futebolinterior.com.br\/radio-mantiqueira-da-show-de-cobertura-em-classico-na-vila-belmiro\/","chapeu":"AQUI VOC\u00ca V\u00ca O JOGO!","data":"12\/08\/2014","imagem":"https:\/\/images.futebolinterior.com.br\/2021\/05\/0002050020574_img-300x229.jpg","resumo":"No \u00faltimo domingo, a Sele\u00e7\u00e3o Mineira do R\u00e1dio de Po\u00e7os de Caldas, esteve na Vila Belmiro e transmitiu a vit\u00f3ria do Corinthians, por 1 a 0, diante do Santos. A emissora teve picos d"},"709860":{"titulo":"Futebol Paraense faz mais uma v\u00edtima","link":"https:\/\/www.futebolinterior.com.br\/futebol-paraense-faz-mais-uma-vitima\/","chapeu":"OPINI\u00c3O","data":"12\/08\/2014","imagem":"https:\/\/images.futebolinterior.com.br\/2021\/05\/0002050020575_img-169x300.jpg","resumo":"O t\u00e9cnico Vica acabou demitido do paysnadu por incapacidade de seus dirigentes"},"709871":{"titulo":"Sem fundo? Cheques de sal\u00e1rios do Guarani extornam no banco","link":"https:\/\/www.futebolinterior.com.br\/sem-fundo-cheques-de-salarios-do-guarani-extornam-no-banco\/","chapeu":"TRISTE ROTINA!","data":"12\/08\/2014","imagem":"https:\/\/images.futebolinterior.com.br\/2021\/05\/0002050020562_img-300x189.jpg","resumo":"Os cheques recebidos pelos jogadores e pela comiss\u00e3o t\u00e9cnica para pagamento de sal\u00e1rios, na \u00faltima semana, acabaram estornando nesta segunda-feira."},"709888":{"titulo":"S\u00e9rie C: Mogi Mirim leva vantagem nos confrontos contra o Duque","link":"https:\/\/www.futebolinterior.com.br\/serie-c-mogi-mirim-leva-vantagem-nos-confrontos-contra-o-duque\/","chapeu":"N\u00daMEROS!","data":"12\/08\/2014","imagem":"https:\/\/images.futebolinterior.com.br\/2021\/05\/0002050020551_img-300x225.jpg","resumo":"Apenas nas duas \u00faltimas temporadas, as equipes se enfrentaram pela Terceirona nacional. Foram tr\u00eas jogos disputados pela Terceira Divis\u00e3o do nacional. "},"709932":{"titulo":"CRB 2 x 1 ASA - Cl\u00e1ssico com fim emocionante p\u00f5e Galo no G4!","link":"https:\/\/www.futebolinterior.com.br\/crb-2-x-1-asa-classico-com-fim-emocionante-poe-galo-no-g4\/","chapeu":"CL\u00c1SSICO \u00c9 CL\u00c1SSICO!","data":"11\/08\/2014","imagem":"https:\/\/images.futebolinterior.com.br\/2021\/05\/0002050020520_img-300x200.jpg","resumo":"Em uma partida com final emocionante, o CRB venceu o cl\u00e1ssico contra o ASA, por 2 a 1, na noite desta segunda-feira, no Est\u00e1dio Rei Pel\u00e9, em Macei\u00f3."},"710063":{"titulo":"Com sal\u00e1rios atrasados e sem investimentos, Crac amea\u00e7a deixar a S\u00e9rie C","link":"https:\/\/www.futebolinterior.com.br\/com-salarios-atrasados-e-sem-investimentos-crac-ameaca-deixar-a-serie-c\/","chapeu":"ABANDONANDO O BARCO","data":"11\/08\/2014","imagem":"https:\/\/images.futebolinterior.com.br\/2021\/05\/0002050020373_img-300x241.jpg","resumo":"Sem vencer h\u00e1 quatro jogos, a crise no Crac ultrapassa as quatro linhas e chega at\u00e9 a diretoria"},"710114":{"titulo":"S\u00e9rie C: Ap\u00f3s queda de Vica, Mazola J\u00fanior volta ao Paysandu","link":"https:\/\/www.futebolinterior.com.br\/serie-c-apos-queda-de-vica-mazola-junior-volta-ao-paysandu\/","chapeu":"ELE VOLTOU!","data":"11\/08\/2014","imagem":"https:\/\/images.futebolinterior.com.br\/2021\/05\/0002050020331_img-300x200.jpg","resumo":"Ap\u00f3s a sa\u00edda do t\u00e9cnico Vica do comando do Paysandu, Mazola J\u00fanior est\u00e1 de volta ao Pap\u00e3o"},"710116":{"titulo":"S\u00e9rie C: Treze deve apresentar Athos nesta ter\u00e7a-feira","link":"https:\/\/www.futebolinterior.com.br\/serie-c-treze-deve-apresentar-athos-nesta-terca-feira\/","chapeu":"VAI CHEGAR!","data":"11\/08\/2014","imagem":"https:\/\/images.futebolinterior.com.br\/2021\/05\/0002050020327_img-300x197.jpg","resumo":"Ap\u00f3s a derrota por 1 a 0 para o Botafogo-PB, s\u00e1bado, por 1 a 0, pela 10\u00aa rodada da S\u00e9rie C, o Treze tenta deixar o Cl\u00e1ssico Tradi\u00e7\u00e3o para tr\u00e1s para pensar nos pr\u00f3ximos advers\u00e1rios"},"710126":{"titulo":"S\u00e9rie C: Sonhando com dias melhores, Guarani prepara anuncio de tr\u00eas refor\u00e7os","link":"https:\/\/www.futebolinterior.com.br\/serie-c-sonhando-com-dias-melhores-guarani-prepara-anuncio-de-tres-reforcos\/","chapeu":"AGORA VAI?","data":"11\/08\/2014","imagem":"https:\/\/images.futebolinterior.com.br\/2021\/05\/0002050020311_img-300x150.jpg","resumo":"At\u00e9 o final desta semana, o Guarani deve anunciar a contrata\u00e7\u00e3o de tr\u00eas jogadores: Bernardo, lateral, Luiz Henrique, meia, e Caio Dantas, atacante"},"710130":{"titulo":"S\u00e9rie C: Maca\u00e9 repatria Laerte","link":"https:\/\/www.futebolinterior.com.br\/serie-c-macae-repatria-laerte\/","chapeu":"DE VOLTA!","data":"11\/08\/2014","imagem":"https:\/\/images.futebolinterior.com.br\/2021\/05\/0002050020306_img-300x227.jpg","resumo":"Fora da zona de classifica\u00e7\u00e3o do Grupo B do Campeonato Brasileiro da S\u00e9rie C, o Maca\u00e9 espera retomar a boa campanha do ano passado."}}