{"1922603":{"titulo":"S\u00e9rie B: Ponte Preta ter\u00e1 retorno de Jeh na reestreia de Brigatti; Sanches segue como d\u00favida","link":"https:\/\/www.futebolinterior.com.br\/serie-b-ponte-preta-tera-retorno-de-jeh-na-reestreia-de-brigatti-sanches-segue-como-duvida\/","chapeu":"MUDAN\u00c7AS","data":"05\/10\/2023","imagem":"https:\/\/images.futebolinterior.com.br\/2023\/10\/Ponte-Preta-Brigatti-300x200.jpg","resumo":"Atualmente, a Ponte Preta \u00e9 a 15\u00aa colocada, com 33 pontos. A vantagem para a Chapecoense, primeiro time da zona de rebaixamento, \u00e9 de quatro pontos"},"1922569":{"titulo":"S\u00e9rie B: Ericson lamenta desfalques no Botafogo-SP e projeta jogo com Ava\u00ed","link":"https:\/\/www.futebolinterior.com.br\/serie-b-ericson-lamenta-desfalques-no-botafogo-sp-e-projeta-jogo-com-avai\/","chapeu":"OPA!","data":"05\/10\/2023","imagem":"https:\/\/images.futebolinterior.com.br\/2023\/10\/botafogo-300x168.jpeg","resumo":""},"1922530":{"titulo":"S\u00e9rie B: T\u00e9cnico do Crici\u00fama lembra de arrancada no 1\u00ba turno: '\u00c9 poss\u00edvel fazer de novo'","link":"https:\/\/www.futebolinterior.com.br\/serie-b-tecnico-do-criciuma-lembra-de-arrancada-no-1o-turno-e-possivel-fazer-de-novo\/","chapeu":"CONFIANTE","data":"05\/10\/2023","imagem":"https:\/\/images.futebolinterior.com.br\/2023\/10\/claudio-tencati-treinador-criciuma-031-1536x1024-1-1-300x200.jpg","resumo":""},"1922436":{"titulo":"Antes Bruno Jos\u00e9 era s\u00f3 assistente; hoje tamb\u00e9m \u00e9 definidor no Guarani","link":"https:\/\/www.futebolinterior.com.br\/antes-bruno-jose-era-so-assistente-hoje-tambem-e-definidor-no-guarani\/","chapeu":"BLOG DO ARI","data":"05\/10\/2023","imagem":"https:\/\/images.futebolinterior.com.br\/2023\/10\/Screenshot_18-1-e1696481959436-300x186.jpg","resumo":"Com a chegada do treinador Umberto Louzer no Guarani, o atleta passou a adicionar outras caracter\u00edsticas. Come\u00e7ou a marcar gols"},"1922246":{"titulo":"S\u00e9rie B: Brigatti se apega a 2020 para livrar a Ponte Preta do rebaixamento","link":"https:\/\/www.futebolinterior.com.br\/serie-b-brigatti-se-apega-a-2020-para-livrar-a-ponte-preta-do-rebaixamento\/","chapeu":"TEM A RECEITA?","data":"04\/10\/2023","imagem":"https:\/\/images.futebolinterior.com.br\/2023\/10\/brigatti-ponte-300x156.jpg","resumo":"Miss\u00e3o parecida quando foi chamado em 2020, e livrou o time de Campinas do rebaixamento do Campeonato Paulista e ainda levou at\u00e9 \u00e0s semifinais.\u00a0"},"1922229":{"titulo":"S\u00e9rie B: Anivers\u00e1rio do Botafogo-SP ter\u00e1 festa aberta ao p\u00fablico","link":"https:\/\/www.futebolinterior.com.br\/aniversario-botafogo-tera-festa-aberta\/","chapeu":"COMEMORA\u00c7\u00c3O","data":"04\/10\/2023","imagem":"https:\/\/images.futebolinterior.com.br\/2023\/10\/imagem_2023-10-04_184513101-e1696456201173-300x188.png","resumo":"O evento ser\u00e1 realizado na \u00e1rea em frente \u00e0 escola de futebol do Botafogo, que fica anexa ao Est\u00e1dio Santa Cruz e tem a entrada pela Av. Sebasti\u00e3o Venturi"},"1922132":{"titulo":"S\u00e9rie B: Ap\u00f3s a 3\u00aa vit\u00f3ria seguida, Mozart fala em esticar a corda no Mirassol: \"O balde n\u00e3o est\u00e1 cheio\"","link":"https:\/\/www.futebolinterior.com.br\/serie-b-apos-a-3a-vitoria-seguida-mozart-fala-em-esticar-a-corda-no-mirassol-o-balde-nao-esta-cheio\/","chapeu":"SUBINDO","data":"04\/10\/2023","imagem":"https:\/\/images.futebolinterior.com.br\/2023\/09\/WhatsApp-Image-2023-09-29-at-20.12.10-300x200.jpeg","resumo":"Mesmo com o bom momento, Mozart ainda v\u00ea que o elenco pode evoluir, faltando sete jogos para o fim do campeonato."},"1922138":{"titulo":"Chapecoense x ABC - Duelo direto no Z-4 da S\u00e9rie B!","link":"https:\/\/www.futebolinterior.com.br\/chapecoense-x-abc-duelo-direto-no-z-4-da-serie-b\/","chapeu":"VALE MUITO","data":"04\/10\/2023","imagem":"https:\/\/images.futebolinterior.com.br\/2023\/10\/chapecoense-300x186.jpg","resumo":""},"1922021":{"titulo":"S\u00e9rie B: Chuva muda cronograma do Ava\u00ed, que ter\u00e1 desfalques e d\u00favidas, para buscar reabilita\u00e7\u00e3o","link":"https:\/\/www.futebolinterior.com.br\/serie-b-chuva-muda-cronograma-do-avai-que-tera-desfalques-e-duvidas-para-buscar-reabilitacao\/","chapeu":"PUTZ","data":"04\/10\/2023","imagem":"https:\/\/images.futebolinterior.com.br\/2023\/10\/Avai-Serie-B-300x225.jpg","resumo":"Atualmente, o Ava\u00ed \u00e9 o 16\u00ba colocado, com 31 pontos, dois \u00e0 frente da Chapecoense, que abre a zona de rebaixamento"},"1921983":{"titulo":"S\u00e9rie B: Alan Santos segue sem treinar e Guarani deve manter dupla defensiva contra Vila Nova","link":"https:\/\/www.futebolinterior.com.br\/serie-b-alan-santos-segue-sem-treinar-e-guarani-deve-manter-dupla-defensiva-contra-vila-nova\/","chapeu":"DE FORA","data":"04\/10\/2023","imagem":"https:\/\/images.futebolinterior.com.br\/2023\/10\/Guarani-Louzer-300x200.jpg","resumo":"Desde ent\u00e3o, vem fazendo sess\u00f5es intensas de fisioterapia, mas ainda n\u00e3o reuniu condi\u00e7\u00f5es para voltar aos treinos com bola"}}