{"1924778":{"titulo":"S\u00e9rie B: Guarani se reapresenta com d\u00favidas sobre titulares para se manter no G-4","link":"https:\/\/www.futebolinterior.com.br\/serie-b-guarani-se-reapresenta-com-duvidas-sobre-titulares-para-se-manter-no-g-4\/","chapeu":"PREPARA\u00c7\u00c3O","data":"09\/10\/2023","imagem":"https:\/\/images.futebolinterior.com.br\/2023\/10\/53242527394_364fecf292_c-300x200.jpg","resumo":"J\u00e1 o meia-atacante Bruno Jos\u00e9, teve que ser substitu\u00eddo no decorrer do empate contra o Vila Nova por conta de dores no tornozelo e ser\u00e1 reavaliado durante a semana pelo Departamento M\u00e9dico"},"1924760":{"titulo":"S\u00e9rie B: Pottker passa por cirurgia no joelho e promete retorno breve ao Ava\u00ed: 'J\u00e1 j\u00e1 t\u00f4 de volta'","link":"https:\/\/www.futebolinterior.com.br\/serie-b-pottker-passa-por-cirurgia-no-joelho-e-promete-retorno-breve-ao-avai-ja-ja-to-de-volta\/","chapeu":"VAI QUE VAI","data":"09\/10\/2023","imagem":"https:\/\/images.futebolinterior.com.br\/2023\/10\/Pottker-Avai-300x150.jpg","resumo":"O tempo de retorno \u00e9 de quatro a seis meses de recupera\u00e7\u00e3o"},"1924711":{"titulo":"Guarani: Dan\u00e7arina japonesa posta foto com camisa do clube e viraliza","link":"https:\/\/www.futebolinterior.com.br\/dancarina-japonesa-foto-camisa-guarani\/","chapeu":"IN\u00c9DITO","data":"09\/10\/2023","imagem":"https:\/\/images.futebolinterior.com.br\/2023\/10\/rio-niziu-camisa-guarani-300x200.jpg","resumo":"P\u00e1ginas de futebol mundo afora repercutiram a foto da dan\u00e7arina com a camisa do Guarani"},"1924748":{"titulo":"S\u00e9rie B: Na briga pelo acesso, Guarani anuncia novos patroc\u00ednios","link":"https:\/\/www.futebolinterior.com.br\/guarani-anuncia-dois-novos-patrocinadores\/","chapeu":"NOVIDADE ","data":"09\/10\/2023","imagem":"https:\/\/images.futebolinterior.com.br\/2023\/10\/WhatsApp-Image-2023-10-09-at-15.05.45-300x200.jpeg","resumo":"De acordo com a diretoria do Bugre, h\u00e1 novidades previstas para os pr\u00f3ximos dias"},"1924701":{"titulo":"S\u00e9rie B: Sport testa reconhecimento facial com torcedores em jogo contra a Ponte Preta","link":"https:\/\/www.futebolinterior.com.br\/reconhecimento-facial-no-sport-serie-b\/","chapeu":"NOVIDADE ","data":"09\/10\/2023","imagem":"https:\/\/images.futebolinterior.com.br\/2023\/10\/sport-catraca-ingresso-300x167.webp","resumo":"Os torcedores do teste desta segunda-feira j\u00e1 foram contactados e ser\u00e3o do setor das cadeiras centrais \u2013 port\u00f5es 2 e 2A."},"1924680":{"titulo":"S\u00e9rie B: Crici\u00fama ter\u00e1 desfalque de volante para cl\u00e1ssico com a Chapecoense","link":"https:\/\/www.futebolinterior.com.br\/serie-b-criciuma-tera-desfalque-de-volante-para-classico-com-a-chapecoense\/","chapeu":"FORA","data":"09\/10\/2023","imagem":"https:\/\/images.futebolinterior.com.br\/2023\/10\/claudio-tecanti-criciuma-300x188.jpg","resumo":""},"1924412":{"titulo":"Vit\u00f3ria-BA perde fora de casa, mas continua na lideran\u00e7a da S\u00e9rie B. Veja classifica\u00e7\u00e3o!","link":"https:\/\/www.futebolinterior.com.br\/vitoria-ba-lideranca-serie-b-classificacao\/","chapeu":"PERDEU!","data":"08\/10\/2023","imagem":"https:\/\/images.futebolinterior.com.br\/2023\/10\/Captura-de-tela-2023-10-08-203855-300x168.png","resumo":"O l\u00edder Vit\u00f3ria n\u00e3o conseguiu abrir ainda mais dist\u00e2ncia na lideran\u00e7a da S\u00e9rie B "},"1924399":{"titulo":"Crici\u00fama 1 x 0 Vit\u00f3ria - Tigre vence Le\u00e3o e embola disputa pelo acesso!","link":"https:\/\/www.futebolinterior.com.br\/criciuma-1-x-0-vitoria-tigre-vence-leao-e-embola-disputa-pelo-acesso\/","chapeu":"IMPORTANTE","data":"08\/10\/2023","imagem":"https:\/\/images.futebolinterior.com.br\/2023\/10\/CECxECV-300x168.jpg","resumo":"Crici\u00fama vence Vit\u00f3ria com gol solit\u00e1rio de Eder, no Heriberto Hulse, e embola disputa pelo acesso na S\u00e9rie B do Brasileiro"},"1924197":{"titulo":"Sport x Ponte Preta - Le\u00e3o mira vice-lideran\u00e7a contra a amea\u00e7ada Macaca","link":"https:\/\/www.futebolinterior.com.br\/sport-x-ponte-preta-leao-mira-vice-lideranca-contra-a-ameacada-macaca\/","chapeu":"TENS\u00c3O!","data":"08\/10\/2023","imagem":"https:\/\/images.futebolinterior.com.br\/2023\/10\/ponte-300x200.jpeg","resumo":"O Placar Ao Vivo do Futebol Interior acompanha todos os jogos da competi\u00e7\u00e3o "},"1924139":{"titulo":"Crici\u00fama x Vit\u00f3ria \u2013 Tigre precisa se reabilitar para seguir sonhando!","link":"https:\/\/www.futebolinterior.com.br\/criciuma-x-vitoria-tigre-precisa-se-reabilitar-para-seguir-sonhando\/","chapeu":"JOG\u00c3O","data":"08\/10\/2023","imagem":"https:\/\/images.futebolinterior.com.br\/2023\/10\/Vitoria-Criciuma-2023-300x195.png","resumo":"Crici\u00fama acumula sequ\u00eancia negativa, mas quer usar sua casa para subir na classifica\u00e7\u00e3o."}}