{"1869912":{"titulo":"Ponte Preta espera apoio de sete mil torcedores no Majestoso","link":"https:\/\/www.futebolinterior.com.br\/ponte-preta-espera-apoio-de-sete-mil-torcedores-no-majestoso\/","chapeu":"APOIO TOTAL","data":"12\/07\/2023","imagem":"https:\/\/images.futebolinterior.com.br\/2023\/12\/torcida-jovem-ponte-preta-Marcos-Riboli-e1702855015882-300x185.jpg","resumo":"A m\u00e9dia de p\u00fablico no Mois\u00e9s Lucarelli dentro da S\u00e9rie B tem sido em torno de 3.800 torcedores. O objetivo \u00e9 chegar aos sete mil"},"1869941":{"titulo":"S\u00e9rie B: Crici\u00fama renova com lateral Claudinho at\u00e9 2024","link":"https:\/\/www.futebolinterior.com.br\/serie-b-criciuma-renova-com-lateral-claudinho-ate-2024\/","chapeu":"RENOVOU!","data":"12\/07\/2023","imagem":"https:\/\/images.futebolinterior.com.br\/2023\/07\/criciuma-300x200.webp","resumo":""},"1869704":{"titulo":"S\u00e9rie B: Ligger retorna ao time do Novorizontino e realiza sonho com os filhos","link":"https:\/\/www.futebolinterior.com.br\/serie-b-ligger-retorna-ao-time-do-novorizontino-e-realiza-sonho-com-os-filhos\/","chapeu":"EMO\u00c7\u00c3O","data":"11\/07\/2023","imagem":"https:\/\/images.futebolinterior.com.br\/2023\/07\/ligger-filhos-300x163.jpg","resumo":"\u201cEra um sonho da minha esposa a gente ter um filho em breve e ele poder entrar comigo em campo, vivenciar um pouco o que \u00e9 nossa vida. \""},"1869694":{"titulo":"Atacante do Ava\u00ed ter\u00e1 que cumprir dois jogos de suspens\u00e3o na S\u00e9rie B","link":"https:\/\/www.futebolinterior.com.br\/atacante-do-avai-tera-que-cumprir-dois-jogos-de-suspensao-na-serie-b\/","chapeu":"PUTZ","data":"11\/07\/2023","imagem":"https:\/\/images.futebolinterior.com.br\/2023\/07\/Dentinho-Avai-300x200.jpg","resumo":"Atualmente, o Ava\u00ed est\u00e1 na 19\u00aa e pen\u00faltima coloca\u00e7\u00e3o na tabela da S\u00e9rie B com apenas 11 pontos somados em 16 jogos"},"1869631":{"titulo":"S\u00e9rie B: Sampaio Corr\u00eaa perde Ferreira contra Ituano","link":"https:\/\/www.futebolinterior.com.br\/sampaio-correa-perde-ferreira-ituano\/","chapeu":"DESFALQUE","data":"11\/07\/2023","imagem":"https:\/\/images.futebolinterior.com.br\/2023\/07\/ferreira-sampaio-correa-300x231.jpg","resumo":"Sampaio Corr\u00eaa reestreou cabe\u00e7a de \u00e1rea, que foi expulso por dois cart\u00f5es amarelos na vit\u00f3ria pelo placar m\u00ednimo diante do Tombense"},"1869573":{"titulo":"S\u00e9rie B: Goleiro Airton comemora rea\u00e7\u00e3o da Chapecoense e projeta evolu\u00e7\u00e3o: 'Pior j\u00e1 passou'","link":"https:\/\/www.futebolinterior.com.br\/serie-b-goleiro-airton-comemora-reacao-da-chapecoense-e-projeta-evolucao-pior-ja-passou\/","chapeu":"NOVO MOMENTO","data":"11\/07\/2023","imagem":"https:\/\/images.futebolinterior.com.br\/2023\/07\/chape-2-300x183.jpg","resumo":""},"1869599":{"titulo":"S\u00e9rie B: \u00c9der e Marquinhos Gabriel devem refor\u00e7ar o Crici\u00fama contra o Guarani","link":"https:\/\/www.futebolinterior.com.br\/serie-b-eder-e-marquinhos-gabriel-devem-reforcar-o-criciuma-contra-o-guarani\/","chapeu":"REFOR\u00c7OS","data":"11\/07\/2023","imagem":"https:\/\/images.futebolinterior.com.br\/2023\/02\/criciuma-estreia-de-eder-1-300x160.png","resumo":"Desfalques nas \u00faltimas rodadas, o atacante \u00c9der e o meia Marquinhos Gabriel treinaram com o elenco nesta ter\u00e7a-feira "},"1869395":{"titulo":"Ava\u00ed vive o maior jejum de vit\u00f3rias no Brasil; Real Noroeste-ES e Londrina completam o top-3","link":"https:\/\/www.futebolinterior.com.br\/avai-vive-o-maior-jejum-de-vitorias-no-brasil-real-noroeste-es-e-londrina-completa-o-top-3\/","chapeu":"JEJUM!","data":"11\/07\/2023","imagem":"https:\/\/images.futebolinterior.com.br\/2023\/07\/avai-300x200.jpeg","resumo":""},"1869052":{"titulo":"PLACAR FI: Resultados da SEGUNDA-FEIRA tem fechamento nas rodadas nacionais","link":"https:\/\/www.futebolinterior.com.br\/placar-fi-segunda-10-07-23\/","chapeu":"PLACAR FI","data":"10\/07\/2023","imagem":"https:\/\/images.futebolinterior.com.br\/2023\/07\/WhatsApp-Image-2023-07-10-at-21.04.59-1-300x223.jpeg","resumo":"O PLACAR FI do Portal Futebol Interior nesta segunda-feira (10) acompanhou bastante futebol nas divis\u00f5es nacionais"},"1869209":{"titulo":"Ap\u00f3s \u00faltimo jogo, veja como ficou a classifica\u00e7\u00e3o da S\u00e9rie B","link":"https:\/\/www.futebolinterior.com.br\/apos-ultimo-jogo-veja-como-ficou-a-classificacao-da-serie-b\/","chapeu":"CLASSIFICA\u00c7\u00c3O","data":"10\/07\/2023","imagem":"https:\/\/images.futebolinterior.com.br\/2023\/07\/vila-nova-torcida-300x185.jpg","resumo":"De outro lado, tamb\u00e9m continua quente a briga para fugir do Z-4 - a zona de rebaixamento. Confira a tabela ap\u00f3s jogos da rodada."}}