{"1879363":{"titulo":"Cear\u00e1 x Ituano - Galo busca reabilita\u00e7\u00e3o para se afastar do Z-4 da S\u00e9rie B","link":"https:\/\/www.futebolinterior.com.br\/ceara-x-ituano-galo-busca-reabilitacao-para-se-afastar-do-z-4-da-serie-b\/","chapeu":"REA\u00c7\u00c3O","data":"27\/07\/2023","imagem":"https:\/\/images.futebolinterior.com.br\/2023\/07\/marcinho-300x173.jpg","resumo":""},"1879385":{"titulo":"Sport x CRB - Confronto de nordestinos pela S\u00e9rie B","link":"https:\/\/www.futebolinterior.com.br\/sport-x-crb-confronto-de-nordestinos-pela-serie-b\/","chapeu":"CL\u00c1SSICO","data":"27\/07\/2023","imagem":"https:\/\/images.futebolinterior.com.br\/2023\/07\/WhatsApp-Image-2023-07-27-at-20.56.58-300x197.jpeg","resumo":"Com objetivos diferentes na temporada, clubes se enfrentam \u00e0s 21h desta sexta-feira, na Ilha do Retiro"},"1879338":{"titulo":"S\u00e9rie B: Confira as melhores m\u00e9dias de p\u00fablicos do 1\u00ba turno","link":"https:\/\/www.futebolinterior.com.br\/serie-b-confira-as-melhores-medias-de-publicos-do-1o-turno\/","chapeu":"EST\u00c1DIO CHEIO","data":"27\/07\/2023","imagem":"https:\/\/images.futebolinterior.com.br\/2023\/07\/ceara-media-300x194.jpg","resumo":"O PLACAR FI acompanha todos os jogos da S\u00e9rie B"},"1879321":{"titulo":"S\u00e9rie B: Ponte Preta contrata meia Lucas Nathan, ex-Portuguesa e Ituano","link":"https:\/\/www.futebolinterior.com.br\/serie-b-ponte-preta-contrata-meia-lucas-nathan-ex-portuguesa-e-ituano\/","chapeu":"NOVO NOME","data":"27\/07\/2023","imagem":"https:\/\/images.futebolinterior.com.br\/2023\/07\/Lucas-Nathan-Ituano-2023-300x198.jpg","resumo":"Jogador \u00e9 de Sumar\u00e9, cidade vizinha de Campinas, e pode ficar \u00e0 disposi\u00e7\u00e3o de Pintado para o final de semana."},"1879308":{"titulo":"S\u00e9rie B: Novorizontino tem confronto direto para manter alto n\u00edvel no 2\u00ba turno","link":"https:\/\/www.futebolinterior.com.br\/serie-b-novorizontino-tem-confronto-direto-para-manter-alto-nivel-no-2o-turno\/","chapeu":"ALTO N\u00cdVEL","data":"27\/07\/2023","imagem":"https:\/\/images.futebolinterior.com.br\/2023\/07\/eduardo-abre-300x180.jpg","resumo":"O Novorizontino \u00e9 o vice l\u00edder da S\u00e9rie B"},"1879266":{"titulo":"S\u00e9rie B: Atl\u00e9tico-GO acerta com dois jogadores do rival Goi\u00e1s","link":"https:\/\/www.futebolinterior.com.br\/serie-b-atletico-go-acerta-com-dois-jogadores-do-rival-goias\/","chapeu":"VIRA CASA","data":"27\/07\/2023","imagem":"https:\/\/images.futebolinterior.com.br\/2023\/07\/goias-x-atletico-300x189.jpg","resumo":"A dupla ir\u00e1 defender o Drag\u00e3o at\u00e9 o fim do Brasileiro da S\u00e9rie B."},"1879199":{"titulo":"S\u00e9rie B: ABC firma contrata\u00e7\u00e3o de atacante ex-Taubat\u00e9","link":"https:\/\/www.futebolinterior.com.br\/abc-contratacao-atacante-ex-taubate\/","chapeu":"REFOR\u00c7O","data":"27\/07\/2023","imagem":"https:\/\/images.futebolinterior.com.br\/2023\/07\/anderson-cordeiro-abc-taubate-300x188.jpg","resumo":"ABC contrata mais um refor\u00e7o para setor ofensivo, que terminou como terceiro pior da Segundona no primeiro turno apesar da lanterna"},"1879227":{"titulo":"S\u00e9rie B: Zagueiro rescinde com o Novorizontino sem ter estreado","link":"https:\/\/www.futebolinterior.com.br\/serie-b-zagueiro-rescinde-com-o-novorizontino-sem-ter-estreado\/","chapeu":"DE SA\u00cdDA","data":"27\/07\/2023","imagem":"https:\/\/images.futebolinterior.com.br\/2023\/07\/hiago-novorizontino-300x168.jpg","resumo":"A rescis\u00e3o foi em comum acordo"},"1879192":{"titulo":"S\u00c9RIE B: Sport tenta se manter no G4; Cear\u00e1 e Ituano fazem duelo direto","link":"https:\/\/www.futebolinterior.com.br\/serie-b-sport-tenta-se-manter-no-g4-ceara-e-ituano-fazem-duelo-direto\/","chapeu":"PROMETE","data":"27\/07\/2023","imagem":"https:\/\/images.futebolinterior.com.br\/2023\/07\/Sport-Serie-B-Abre-300x200.jpg","resumo":"Ao todo, duas partidas abrem as disputas da 20\u00aa rodada da S\u00e9rie B do Campeonato Brasileiro na noite desta sexta-feira (28)"},"1879068":{"titulo":"S\u00e9rie B: Sport apresenta volante, que explica \"nome\"","link":"https:\/\/www.futebolinterior.com.br\/volante-sport-explica-nome\/","chapeu":"COMO \u00c9?","data":"27\/07\/2023","imagem":"https:\/\/images.futebolinterior.com.br\/2023\/07\/felipe-apresentado-sport-300x200.jpg","resumo":"Sport tem novo refor\u00e7o, para sequ\u00eancia da Segundona, registrado com um nome no cart\u00f3rio, mas \u00e9 conhecido por outro no futebol"}}