{"1881949":{"titulo":"S\u00e9rie B: Ponte Preta fecha com lateral que estava h\u00e1 12 anos na Europa","link":"https:\/\/www.futebolinterior.com.br\/serie-b-ponte-preta-fecha-com-lateral-que-estava-ha-12-anos-na-europa\/","chapeu":"REFOR\u00c7O","data":"31\/07\/2023","imagem":"https:\/\/images.futebolinterior.com.br\/2023\/07\/gabriel-silva-ponte-300x181.jpg","resumo":"No elenco, Pintado tem somente Artur da posi\u00e7\u00e3o, uma vez que J\u00fanior Tavares n\u00e3o vem sendo relacionado."},"1881950":{"titulo":"S\u00e9rie B: Guarani tem retornos e novos suspensos para enfrentar o Cear\u00e1","link":"https:\/\/www.futebolinterior.com.br\/serie-b-guarani-tem-retornos-e-novos-suspensos-para-enfrentar-o-ceara\/","chapeu":"PREPARA\u00c7\u00c3O","data":"31\/07\/2023","imagem":"https:\/\/images.futebolinterior.com.br\/2023\/07\/derek-300x208.jpg","resumo":""},"1881850":{"titulo":"CRB x Atl\u00e9tico-GO - Mirando regularidade","link":"https:\/\/www.futebolinterior.com.br\/crb-atletico-go-mirando-regularidade\/","chapeu":"MEIUCA","data":"31\/07\/2023","imagem":"https:\/\/images.futebolinterior.com.br\/2023\/07\/crb-atletico-go-2023-300x200.jpg","resumo":"CRB busca ter maior estabilidade na tabela ap\u00f3s sequ\u00eancia irregular, enquanto Drag\u00e3o \u2013 time de mais empates \u2013 mira aumentar vit\u00f3rias"},"1881910":{"titulo":"S\u00c9RIE B: Mirassol e Botafogo abrem rodada de olho no G-4","link":"https:\/\/www.futebolinterior.com.br\/serie-b-mirassol-e-botafogo-abrem-rodada-de-olho-no-g-4\/","chapeu":"SUBINDO","data":"31\/07\/2023","imagem":"https:\/\/images.futebolinterior.com.br\/2023\/07\/mirassol-2-300x200.jpg","resumo":""},"1881858":{"titulo":"S\u00e9rie B: Chapecoense n\u00e3o ter\u00e1 desfalques para buscar reabilita\u00e7\u00e3o e sair do Z4","link":"https:\/\/www.futebolinterior.com.br\/serie-b-chapecoense-nao-tera-desfalques-para-buscar-reabilitacao-e-sair-do-z4\/","chapeu":"VAI QUE VAI","data":"31\/07\/2023","imagem":"https:\/\/images.futebolinterior.com.br\/2023\/07\/Chapecoense-Serie-B-300x225.jpg","resumo":"Atualmente, a Chapecoense aparece dentro da zona de rebaixamento, na 17\u00aa coloca\u00e7\u00e3o com 18 pontos ganhos"},"1881786":{"titulo":"S\u00e9rie B: Crici\u00fama acerta retorno de atacante e Tencati pede apoio da torcida","link":"https:\/\/www.futebolinterior.com.br\/serie-b-criciuma-acerta-retorno-de-atacante-e-tencati-pede-apoio-da-torcida\/","chapeu":"MOVIMENTADO","data":"31\/07\/2023","imagem":"https:\/\/images.futebolinterior.com.br\/2023\/07\/Tencati-Criciuma-1-300x201.jpg","resumo":"Atualmente, o Crici\u00fama \u00e9 sexto colocado da S\u00e9rie B com 35 pontos"},"1881075":{"titulo":"S\u00e9rie B: Cear\u00e1 contrata atacante ex-Corinthians","link":"https:\/\/www.futebolinterior.com.br\/ceara-contrata-atacante-ex-corinthians\/","chapeu":"REFOR\u00c7O","data":"31\/07\/2023","imagem":"https:\/\/images.futebolinterior.com.br\/2023\/07\/barletta-contratado-ceara-300x202.jpg","resumo":"Cear\u00e1 firma acerto em definitivo com atleta e adquire metade dos direitos econ\u00f4micos, com v\u00ednculo v\u00e1lido pelos pr\u00f3ximos cinco anos"},"1881693":{"titulo":"S\u00e9rie B: Ap\u00f3s empate pol\u00eamico, Pintado ser\u00e1 obrigado a mexer na Ponte Preta para voltar a vencer","link":"https:\/\/www.futebolinterior.com.br\/serie-b-apos-empate-polemico-pintado-sera-obrigado-a-mexer-na-ponte-preta-para-voltar-a-vencer\/","chapeu":"PUTZ","data":"31\/07\/2023","imagem":"https:\/\/images.futebolinterior.com.br\/2023\/07\/Ponte-Preta-Serie-B-2-300x200.jpg","resumo":"Por outro lado, o zagueiro Mateus Silva volta de suspens\u00e3o e retornar\u00e1 no lugar de Edson"},"1881544":{"titulo":"Os melhores 15 minutos da Ponte Preta. Veja as notas!","link":"https:\/\/www.futebolinterior.com.br\/os-melhores-15-minutos-da-ponte-preta-veja-as-notas\/","chapeu":"AS NOTAS","data":"30\/07\/2023","imagem":"https:\/\/images.futebolinterior.com.br\/2023\/07\/Ponte-Preta-Vitoria-Thiago-Almeida-300x180.jpg","resumo":"T\u00e1 na hora do departamento de futebol da Ponte Preta ser mais rigoroso com esse tipo de atitude da arbitragem, que tem atrapalhado"},"1881536":{"titulo":"Que estrago voc\u00ea fez para a Ponte Preta, hein Matheus Jesus!","link":"https:\/\/www.futebolinterior.com.br\/que-estrago-voce-fez-para-a-ponte-preta-hein-matheus-jesus\/","chapeu":"BLOG DO ARI","data":"30\/07\/2023","imagem":"https:\/\/images.futebolinterior.com.br\/2023\/07\/RIB1481-1-scaled-e1690766651187-300x200.jpg","resumo":"Ca\u00edque Fran\u00e7a salvou com o p\u00e9 um lance de gol do Vit\u00f3ria, aos 36 minutos do segundo tempo, da noite deste domingo no Majestoso"}}