{"1882226":{"titulo":"S\u00e9rie B: Sampaio Corr\u00eaa quer fazer o dever de casa diante do Botafogo-SP","link":"https:\/\/www.futebolinterior.com.br\/serie-b-sampaio-correa-quer-fazer-o-dever-de-casa-diante-do-botafogo-sp\/","chapeu":"PRONTO","data":"01\/08\/2023","imagem":"https:\/\/images.futebolinterior.com.br\/2023\/08\/treino-sampaio01-300x200.jpg","resumo":"Sampaio Corr\u00eaa est\u00e1 pronto para enfrentar o Botafogo-SP, nesta ter\u00e7a-feira, pela S\u00e9rie B do Brasileiro"},"1882165":{"titulo":"S\u00e9rie B: Vila Nova-GO fecha com lateral e chega ao sexto refor\u00e7o na janela de transfer\u00eancias","link":"https:\/\/www.futebolinterior.com.br\/serie-b-vila-nova-go-fecha-com-lateral\/","chapeu":"REFOR\u00c7O!","data":"01\/08\/2023","imagem":"https:\/\/images.futebolinterior.com.br\/2023\/08\/marquinhos-pedroso-vila-nova-300x195.jpg","resumo":"O Vila Nova-GO fechou a contrata\u00e7\u00e3o do lateral-esquerdo Marquinhos Pedroso. O jogador de 29 anos atuava fora do Brasil desde 2016"},"1882166":{"titulo":"Crici\u00fama segue rumor e anuncia chegada de atacante ex-Santos para sequ\u00eancia da S\u00e9rie B","link":"https:\/\/www.futebolinterior.com.br\/criciuma-segue-rumor-e-anuncia-chegada-de-atacante-ex-santos-para-sequencia-da-serie-b\/","chapeu":"CHEGOU","data":"01\/08\/2023","imagem":"https:\/\/images.futebolinterior.com.br\/2023\/08\/Neilton-Criciuma-e1690909620904-300x234.jpg","resumo":"Atualmente, o Crici\u00fama \u00e9 sexto colocado da S\u00e9rie B com 35 pontos"},"1882042":{"titulo":"S\u00e9rie B: Guarani estende empr\u00e9stimo de argentino at\u00e9 o fim da temporada","link":"https:\/\/www.futebolinterior.com.br\/serie-b-guarani-estende-emprestimo-de-argentino-ate-o-fim-da-temporada\/","chapeu":"RENOVOU","data":"31\/07\/2023","imagem":"https:\/\/images.futebolinterior.com.br\/2023\/05\/ivan-guarani-300x172.jpg","resumo":"Polivalente, al\u00e9m de zagueiro, o argentino atua tamb\u00e9m como lateral direito."},"1882059":{"titulo":"Guilherme Biro destaca o bom momento e prega p\u00e9 no ch\u00e3o no Mirassol","link":"https:\/\/www.futebolinterior.com.br\/guilherme-biro-destaca-o-bom-momento-e-prega-pe-no-chao-no-mirassol\/","chapeu":"DESTAQUE","data":"31\/07\/2023","imagem":"https:\/\/images.futebolinterior.com.br\/2023\/07\/IMG_9115-1-1-300x200.jpg","resumo":"Nesta ter\u00e7a (01), Mirassol e Ava\u00ed se enfrentam, as 19h, em Mirassol"},"1882016":{"titulo":"Guarani vai levar mais oito mil torcedores diante do Cear\u00e1?","link":"https:\/\/www.futebolinterior.com.br\/guarani-vai-levar-mais-oito-mil-torcedores-diante-do-ceara\/","chapeu":"BLOG DO ARI","data":"31\/07\/2023","imagem":"https:\/\/images.futebolinterior.com.br\/2023\/07\/guarani-torcida-300x189.jpg","resumo":"Desafio que passa pelo torcedor enfrentar as noites friorentas na cidade nesta \u00e9poca do ano e hor\u00e1rio inapropriado para in\u00edcio de jogos "},"1881998":{"titulo":"Sampaio Corr\u00eaa x Botafogo - Em busca de recupera\u00e7\u00e3o","link":"https:\/\/www.futebolinterior.com.br\/sampaio-correa-x-botafogo-em-busca-de-recuperacao\/","chapeu":"PARA EMBALAR","data":"31\/07\/2023","imagem":"https:\/\/images.futebolinterior.com.br\/2023\/07\/F2PWFQbXcAA5IV_-300x200.jpg","resumo":"\nPantera quer sequ\u00eancia positiva para se aproximar do G-4; Bol\u00edvia Querida tenta aumentar dist\u00e2ncia da zona"},"1881937":{"titulo":"S\u00e9rie B: Diego Souza projeta reestreia no Sport; veja o v\u00eddeo","link":"https:\/\/www.futebolinterior.com.br\/diego-souza-projeta-reestreia-sport\/","chapeu":"FOCADO","data":"31\/07\/2023","imagem":"https:\/\/images.futebolinterior.com.br\/2023\/07\/diego-souza-apresentado-sport-300x200.jpg","resumo":"Diego Souza, que voltar\u00e1 a usar camisa 87 no Le\u00e3o, diz aguardar recondicionamento f\u00edsico e aval de Enderson Moreira para atuar"},"1881974":{"titulo":"S\u00e9rie B: Mozart prega aten\u00e7\u00e3o do Mirassol contra desesperado Ava\u00ed","link":"https:\/\/www.futebolinterior.com.br\/serie-b-mozart-prega-atencao-do-mirassol-contra-desesperado-avai\/","chapeu":"ATEN\u00c7\u00c3O","data":"31\/07\/2023","imagem":"https:\/\/images.futebolinterior.com.br\/2023\/05\/Mozart-Santos-Mirassol-Marcos-Freitas-300x185.jpg","resumo":"O Mirassol busca um bom resultado para se manter no G8 "},"1881968":{"titulo":"Mirassol x Ava\u00ed - Choque de interesses esquenta S\u00e9rie B","link":"https:\/\/www.futebolinterior.com.br\/mirassol-x-avai-choque-de-interesses-esquenta-serie-b\/","chapeu":"DISTINTOS","data":"31\/07\/2023","imagem":"https:\/\/images.futebolinterior.com.br\/2023\/07\/20230422-Avai-1x0-Mirassol-FOTO-Frederico-Tadeu-1-1024x682-1-300x200.jpeg","resumo":"\nClubes est\u00e3o em posi\u00e7\u00f5es opostas na tabela e precisam vencer por objetivos diferentes"}}