{"1703898":{"titulo":"Guarani x CRB - Com 'ambi\u00e7\u00e3o maior', Bugre busca 6\u00aa vit\u00f3ria seguida em casa","link":"https:\/\/www.futebolinterior.com.br\/guarani-x-crb-com-ambicao-maior-bugre-busca-6a-vitoria-seguida-em-casa\/","chapeu":"VAI COM TUDO","data":"10\/10\/2022","imagem":"https:\/\/images.futebolinterior.com.br\/2022\/08\/MOZART-GUARANI-e1661565658454-300x181.jpg","resumo":""},"1703893":{"titulo":"S\u00e9rie B: Novorizontino inicia venda de ingressos para \u2018final\u2019 contra o N\u00e1utico","link":"https:\/\/www.futebolinterior.com.br\/serie-b-novorizontino-nautico\/","chapeu":"DECIS\u00c3O!","data":"10\/10\/2022","imagem":"https:\/\/images.futebolinterior.com.br\/2022\/10\/novorizontino-nautico-300x168.png","resumo":"Novorizontino recebe equipe pernambucana na sexta-feira (14), \u00e0s 21h30, em Novo Horizonte, pela 35\u00aa rodada do Brasileir\u00e3o S\u00e9rie B"},"1703880":{"titulo":"S\u00e9rie B: Com perman\u00eancia matematicamente garantida, Crici\u00fama ainda sonha com acesso","link":"https:\/\/www.futebolinterior.com.br\/serie-b-com-permanencia-matematicamente-garantida-criciuma-ainda-sonha-com-acesso\/","chapeu":"AINDA D\u00c1","data":"10\/10\/2022","imagem":"https:\/\/images.futebolinterior.com.br\/2022\/10\/Criciuma-Serie-B-1-250x300.jpg","resumo":"Atualmente, o Crici\u00fama \u00e9 s\u00e9timo colocado com 49 pontos e a diferen\u00e7a para o Vasco, primeiro time dentro do G-4 \u00e9 de seis pontos"},"1703830":{"titulo":"S\u00e9rie B: N\u00e1utico-PE atinge nova marca negativa na competi\u00e7\u00e3o","link":"https:\/\/www.futebolinterior.com.br\/nautico-defesa-ruim-serie-b\/","chapeu":"QUE FASE","data":"10\/10\/2022","imagem":"https:\/\/images.futebolinterior.com.br\/2022\/09\/nautico-SerieB-Brusque-Tiago-Caldas-CNC-300x183.jpg","resumo":"Em situa\u00e7\u00e3o dif\u00edcil na S\u00e9rie B do Campeonato Brasileiro, N\u00e1utico tem mais uma marca negativa atingida"},"1703808":{"titulo":"Ponte Preta j\u00e1 tem vaga garantida na Copa do Brasil 2023","link":"https:\/\/www.futebolinterior.com.br\/ponte-preta-ja-tem-vaga-garantida-na-copa-do-brasil-2023\/","chapeu":"CONFIRMADO","data":"10\/10\/2022","imagem":"https:\/\/images.futebolinterior.com.br\/2022\/10\/PONTE-PRETA-COPA-BRASIL-300x215.jpg","resumo":"A Ponte Preta ficou com a 9\u00aa das 10 vagas dispon\u00edveis pela pontua\u00e7\u00e3o do Ranking Nacional de Clubes (RNC) da Confedera\u00e7\u00e3o Brasileira de Futebol (CBF). "},"1703789":{"titulo":"S\u00e9rie B: Presidente garante Gr\u00eamio tranquilo por acesso: 'Foco total'","link":"https:\/\/www.futebolinterior.com.br\/serie-b-presidente-garante-gremio-tranquilo-por-acesso-foco-total\/","chapeu":"DE BOA","data":"10\/10\/2022","imagem":"https:\/\/images.futebolinterior.com.br\/2022\/04\/romildo-bolzan-junior-presidente-gremio-2022-01-300x178.jpg","resumo":""},"1703779":{"titulo":"S\u00e9rie B: Bahia estuda contrata\u00e7\u00e3o de Wesley, do Palmeiras, para 2023","link":"https:\/\/www.futebolinterior.com.br\/serie-b-bahia-wesley-2023\/","chapeu":"AVALIANDO!","data":"10\/10\/2022","imagem":"https:\/\/images.futebolinterior.com.br\/2021\/11\/Wesley-palmeiras-300x169.jpg","resumo":"Com a transi\u00e7\u00e3o para SAF bem encaminhada, o Bahia j\u00e1 estuda o mercado da bola para montar seu elenco de 2023"},"1703780":{"titulo":"S\u00e9rie B: N\u00e1utico pode ser rebaixado nesta rodada, repetindo o descenso de 2017","link":"https:\/\/www.futebolinterior.com.br\/serie-b-nautico-pode-ser-rebaixado-nesta-rodada-repetindo-o-descenso-de-2017\/","chapeu":"S\u00d3 MILAGRE","data":"10\/10\/2022","imagem":"https:\/\/images.futebolinterior.com.br\/2022\/10\/nautico-rebaixamento-300x235.jpg","resumo":"As contas do Timbu j\u00e1 come\u00e7a nesta ter\u00e7a-feira, onde o clube ter\u00e1 que torcer por uma derrota da Chapecoense para o Sampaio Corr\u00eaa"},"1703751":{"titulo":"S\u00e9rie B: Oper\u00e1rio-PR entra com recurso contra puni\u00e7\u00e3o do STJD","link":"https:\/\/www.futebolinterior.com.br\/serie-b-operario-recurso-punicao\/","chapeu":"RECORREU","data":"10\/10\/2022","imagem":"https:\/\/images.futebolinterior.com.br\/2022\/10\/matheus-costa-operario-serie-b-300x150.png","resumo":"O Oper\u00e1rio-PR entrou com um recurso no STJD contra a puni\u00e7\u00e3o que obrigaria o clube a fazer um jogo de port\u00f5es fechados"},"1703783":{"titulo":"S\u00e9rie B: Londrina vai ter refor\u00e7o de tr\u00eas atacantes para o jogo contra o CSA","link":"https:\/\/www.futebolinterior.com.br\/serie-b-londrina-vai-ter-reforco-de-tres-atacantes-para-o-jogo-contra-o-csa\/","chapeu":"ARTILHARIA","data":"10\/10\/2022","imagem":"https:\/\/images.futebolinterior.com.br\/2022\/10\/LONDRINA-Caprini-F-Ricardo-Chicarelli-Londrina-EC-300x190.jpg","resumo":"Caprini que ficou fora contra o Gr\u00eamio por suspens\u00e3o est\u00e1 \u00e0 disposi\u00e7\u00e3o,. Leandrinho se recuperou de les\u00e3o e Matheus Lucas tamb\u00e9m volta de suspens\u00e3o."}}