{"1703733":{"titulo":"S\u00e9rie B: Contra o Guarani, CRB perde Valoura, mas tem 5 retornos","link":"https:\/\/www.futebolinterior.com.br\/serie-b-contra-o-guarani-crb-perde-valoura-mas-tem-5-retornos\/","chapeu":"REFOR\u00c7OS","data":"10\/10\/2022","imagem":"https:\/\/images.futebolinterior.com.br\/2022\/10\/longuine-300x186.jpg","resumo":"A not\u00edcia ruim ser\u00e1 a aus\u00eancia de Juninho Valoura, contra o Tombense o meia recebeu o terceiro amarelo e est\u00e1 fora da partida de Campinas."},"1703760":{"titulo":"S\u00e9rie B: CBF muda data de CRB x Oper\u00e1rio pela 36\u00aa rodada","link":"https:\/\/www.futebolinterior.com.br\/serie-b-cbf-muda-data-de-crb-x-operario-pela-36a-rodada\/","chapeu":"MUDAN\u00c7A","data":"10\/10\/2022","imagem":"https:\/\/images.futebolinterior.com.br\/2022\/10\/crb-x-chape3-300x167.jpg","resumo":""},"1703714":{"titulo":"S\u00e9rie B: Guarani ter\u00e1 duas baixas e dois retornos contra CRB","link":"https:\/\/www.futebolinterior.com.br\/serie-b-guarani-tera-duas-baixas-e-dois-retornos-contra-crb\/","chapeu":"LES\u00d5ES","data":"10\/10\/2022","imagem":"https:\/\/images.futebolinterior.com.br\/2022\/10\/GUARANI-MOZART-Thomaz-Marostegan-300x179.jpg","resumo":"O lateral-direito Diogo Mateus e volante Rodrigo Andrade est\u00e3o fora da partida."},"1703727":{"titulo":"S\u00e9rie B: Chapecoense tem dois desfalques para buscar a reabilita\u00e7\u00e3o","link":"https:\/\/www.futebolinterior.com.br\/serie-b-chapecoense-tem-dois-desfalques-para-buscar-a-reabilitacao\/","chapeu":"BAIXAS","data":"10\/10\/2022","imagem":"https:\/\/images.futebolinterior.com.br\/2022\/10\/pablo-oliveira-volante-chapecoense-300x178.jpg","resumo":"O t\u00e9cnico Gilmar Dal Pozzo n\u00e3o tem o zagueiro Victor Ramos e o volante Pablo Oliveira para o jogo contra o Sampaio Corr\u00eaa"},"1703692":{"titulo":"S\u00e9rie B: Em nova fun\u00e7\u00e3o no Bahia, Goulart recebe elogios de Barroca","link":"https:\/\/www.futebolinterior.com.br\/serie-b-em-nova-funcao-no-bahia-goulart-recebe-elogios-de-barroca\/","chapeu":"NOVA POSI\u00c7\u00c3O","data":"10\/10\/2022","imagem":"https:\/\/images.futebolinterior.com.br\/2022\/10\/ricardo-goulart-300x163.jpg","resumo":"Desde de a chegada de Barroca, o atacante Ricardo Goulart foi deslocado para a fun\u00e7\u00e3o de centroavante. "},"1703671":{"titulo":"S\u00e9rie B: T\u00e9cnico do Tombense-MG reclama de arbitragem ap\u00f3s derrota","link":"https:\/\/www.futebolinterior.com.br\/serie-b-tombense-bruno-pivetti\/","chapeu":"XI!","data":"10\/10\/2022","imagem":"https:\/\/images.futebolinterior.com.br\/2022\/08\/TOMBENSE-Tecnico-300x206.jpg","resumo":"O T\u00e9cnico do Tombense-MG, Bruno Pivetti, reclamou da arbitragem ap\u00f3s derrota para o CRB-AL na S\u00e9rie B do Campeonato Brasileiro"},"1703612":{"titulo":"S\u00e9rie B: Cruzeiro encaminha contrata\u00e7\u00e3o de goleiro jovem para 2023","link":"https:\/\/www.futebolinterior.com.br\/serie-b-cruzeiro-contratacao-goleiro\/","chapeu":"PERTO!","data":"10\/10\/2022","imagem":"https:\/\/images.futebolinterior.com.br\/2022\/10\/cruzeiro-andreson-goleiro-300x165.jpg","resumo":"O Cruzeiro prepara seu time para jogar a S\u00e9rie A do Campeonato Brasileiro de 2023, com renova\u00e7\u00f5es entre o elenco atual, mas tamb\u00e9m novas contra\u00e7\u00f5es"},"1703575":{"titulo":"S\u00e9rie B: Vila Nova foca vit\u00f3ria contra Cruzeiro para se manter na divis\u00e3o","link":"https:\/\/www.futebolinterior.com.br\/serie-b-vila-nova-foca-vitoria-contra-cruzeiro-para-se-manter-na-divisao\/","chapeu":"TR\u00caS PONTOS","data":"10\/10\/2022","imagem":"https:\/\/images.futebolinterior.com.br\/2022\/10\/VILA-NOVA-Allan-All-300x182.jpg","resumo":"Aal acredita que o colorado n\u00e3o precisar\u00e1 dos 45 pontos calculados para conseguir a perman\u00eancia na S\u00e9rie B, embora possa chegar a essa pontua\u00e7\u00e3o caso ven\u00e7a o Cruzeiro j\u00e1 na pr\u00f3xima rodada."},"1703569":{"titulo":"Destaques querem continuar na Ponte Preta, diz H\u00e9lio dos Anjos","link":"https:\/\/www.futebolinterior.com.br\/destaques-querem-continuar-na-ponte-preta-diz-helio-dos-anjos\/","chapeu":"SER\u00c1?","data":"10\/10\/2022","imagem":"https:\/\/images.futebolinterior.com.br\/2022\/10\/helio-dos-anjos-treinador-ponte-preta-2022-063-300x205.jpg","resumo":"A Ponte Preta deve intensificar o planejamento para a pr\u00f3xima temporada, com o objetivo de subir na S\u00e9rie A2 do Paulista"},"1703542":{"titulo":"S\u00e9rie B: Brusque tem programa\u00e7\u00e3o alterada ap\u00f3s incidente com aeronave em Congonhas","link":"https:\/\/www.futebolinterior.com.br\/brusque-tem-programacao-alterada-voo\/","chapeu":"IMPREVISTO","data":"10\/10\/2022","imagem":"https:\/\/images.futebolinterior.com.br\/2022\/10\/brusque-serie-b-300x259.jpg","resumo":"O Brusque precisou mudar os planos para retornar a Santa Catarina"}}