{"334938":{"titulo":"Ponto final: Maior artilheiro do CRB, Z\u00e9 Carlos rescinde com o clube","link":"https:\/\/www.futebolinterior.com.br\/ponto-final-maior-artilheiro-do-crb-ze-carlos-rescinde-com-o-clube\/","chapeu":"ADEUS","data":"13\/06\/2019","imagem":"https:\/\/images.futebolinterior.com.br\/2021\/04\/0002050394925_img-300x221.jpg","resumo":"Experiente centroavante soma passagens pelo futebol europeu e asi\u00e1tico, al\u00e9m de longa hist\u00f3ria no Brasil"},"275156":{"titulo":"Ponte Preta encaminha venda de atacante para rival da S\u00e9rie B","link":"https:\/\/www.futebolinterior.com.br\/ponte-preta-encaminha-venda-de-atacante-para-rival-da-serie-b\/","chapeu":"OLHA S\u00d3","data":"13\/06\/2019","imagem":"https:\/\/images.futebolinterior.com.br\/2020\/11\/0002050394921_img-300x200.jpg","resumo":"Felipe Saraiva agradou a diretoria do Botafogo-SP nas dez partidas que fez com a camisa tricolor"},"275158":{"titulo":"S\u00e9rie B: Destaque do Vit\u00f3ria tem suspeita de les\u00e3o no ligamento do joelho e preocupa","link":"https:\/\/www.futebolinterior.com.br\/serie-b-destaque-do-vitoria-tem-suspeita-de-lesao-no-ligamento-do-joelho-e-preocupa\/","chapeu":"QUE ZICA!","data":"13\/06\/2019","imagem":"https:\/\/images.futebolinterior.com.br\/2020\/11\/0002050394918_img-300x204.jpg","resumo":"Ruan Pot\u00f3 foi substitu\u00eddo no segundo tempo do jogo contra o Oeste ap\u00f3s sentir o joelho direito"},"275162":{"titulo":"S\u00e9rie B: Ap\u00f3s indisciplina, zagueiro est\u00e1 fora dos planos do Coritiba","link":"https:\/\/www.futebolinterior.com.br\/serie-b-apos-indisciplina-zagueiro-esta-fora-dos-planos-do-coritiba\/","chapeu":"QUE SITUA\u00c7\u00c3O","data":"13\/06\/2019","imagem":"https:\/\/images.futebolinterior.com.br\/2020\/11\/0002050394913_img-300x165.jpg","resumo":"Alan Costa se recusou a viajar para Campinas ao ser comunicado que ficaria como op\u00e7\u00e3o no banco de reservas"},"334944":{"titulo":"S\u00e9rie B: Favorito para assumir o Guarani, Roberto Fonseca conversa com o FI","link":"https:\/\/www.futebolinterior.com.br\/serie-b-favorito-para-assumir-o-guarani-roberto-fonseca-conversa-com-o-fi\/","chapeu":"NEGOCIANDO","data":"13\/06\/2019","imagem":"https:\/\/images.futebolinterior.com.br\/2021\/04\/0002050394919_img-300x234.jpg","resumo":"Roberto Fonseca \u00e9 o favorito para assumir o Guarani ap\u00f3s a demiss\u00e3o de Vin\u00edcius Eutr\u00f3pio"},"334952":{"titulo":"S\u00e9rie B: Guarani iguala maior sequ\u00eancia de derrotas na temporada","link":"https:\/\/www.futebolinterior.com.br\/serie-b-guarani-iguala-maior-sequencia-de-derrotas-na-temporada\/","chapeu":"DE MAL A PIOR","data":"13\/06\/2019","imagem":"https:\/\/images.futebolinterior.com.br\/2021\/04\/0002050394907_img-300x206.png","resumo":"Vice-lanterna acumula quatro trope\u00e7os consecutivos na competi\u00e7\u00e3o por pontos corridos"},"275160":{"titulo":"Rivais em Portugal, Porto e Sporting disputam lateral da Ponte Preta","link":"https:\/\/www.futebolinterior.com.br\/rivais-em-portugal-porto-e-sporting-disputam-lateral-da-ponte-preta\/","chapeu":"VISADO","data":"13\/06\/2019","imagem":"https:\/\/images.futebolinterior.com.br\/2020\/11\/0002050394914_img-300x200.jpg","resumo":"Os dois gigantes do futebol portugu\u00eas fizeram propostas pelo jogador, mas n\u00e3o conseguiram chegar ao valor pretendido pela Macaca"},"334961":{"titulo":"S\u00e9rie B: Ponte Preta quer usar pausa da Copa Am\u00e9rica para replanejar elenco","link":"https:\/\/www.futebolinterior.com.br\/serie-b-ponte-preta-quer-usar-pausa-da-copa-america-para-replanejar-elenco\/","chapeu":"MUDAN\u00c7AS","data":"13\/06\/2019","imagem":"https:\/\/images.futebolinterior.com.br\/2021\/04\/0002050394884_img-300x243.jpg","resumo":"Al\u00e9m de contratar pe\u00e7as pontuais, diretoria almeja se desfazeer se jogadores encostados para aliviar folha salarial"},"275174":{"titulo":"S\u00e9rie B: Na mira do futebol japon\u00eas, \u00eddolo despista sobre futuro no Coritiba","link":"https:\/\/www.futebolinterior.com.br\/serie-b-na-mira-do-futebol-japones-idolo-despista-sobre-futuro-no-coritiba\/","chapeu":"SAI OU N\u00c3O?","data":"12\/06\/2019","imagem":"https:\/\/images.futebolinterior.com.br\/2020\/11\/0002050394827_img-300x225.jpg","resumo":"Wilson disse n\u00e3o ter recebido proposta do Kashiwa Reysol e se mostrou focado no Coxa"},"275180":{"titulo":"S\u00e9rie B: De olho no acesso, elenco do CRB espera aproveitar pausa no campeonato","link":"https:\/\/www.futebolinterior.com.br\/serie-b-de-olho-no-acesso-elenco-do-crb-espera-aproveitar-pausa-no-campeonato\/","chapeu":"VAI QUE VAI","data":"12\/06\/2019","imagem":"https:\/\/images.futebolinterior.com.br\/2020\/11\/0002050394822_img-300x201.jpg","resumo":"O Galo da Paju\u00e7ara perdeu as \u00faltimas partidas que fez e se distanciou do grupo dos quatro melhores"}}