{"334722":{"titulo":"De zaga ideal a recuperar Ricardinho: desafios de Roberto Fonseca no Guarani","link":"https:\/\/www.futebolinterior.com.br\/de-zaga-ideal-a-recuperar-ricardinho-desafios-de-roberto-fonseca-no-guarani\/","chapeu":"NOVOS TEMPOS","data":"14\/06\/2019","imagem":"https:\/\/images.futebolinterior.com.br\/2021\/04\/0002050395215_img-300x280.jpg","resumo":"Treinador ter\u00e1 a parada para a Copa Am\u00e9rica para melhorar a equipe para o restante da S\u00e9rie B"},"334766":{"titulo":"S\u00e9rie B: Ponte Preta dobra desempenho em rela\u00e7\u00e3o a 2018 e ganha moral por acesso","link":"https:\/\/www.futebolinterior.com.br\/serie-b-ponte-preta-dobra-desempenho-em-relacao-a-2018-e-ganha-moral-por-acesso\/","chapeu":"MOTIVADA","data":"14\/06\/2019","imagem":"https:\/\/images.futebolinterior.com.br\/2021\/04\/0002050395168_img-300x200.jpg","resumo":"Com tr\u00eas vit\u00f3rias em quatro jogos, Macaca fica no G4 ao longo do recesso da Copa Am\u00e9rica"},"334845":{"titulo":"Comiss\u00e3o de Direito Desportivo inicia s\u00e9rie de reuni\u00f5es tem\u00e1ticas em Campinas","link":"https:\/\/www.futebolinterior.com.br\/comissao-de-direito-desportivo-inicia-serie-de-reunioes-tematicas-em-campinas\/","chapeu":"NOVO MODELO","data":"13\/06\/2019","imagem":"https:\/\/images.futebolinterior.com.br\/2021\/04\/0002050395057_img-300x225.jpg","resumo":"O evento inaugural do novo modelo de atividade para fomentar o conhecimento sobre a \u00e1rea foi realizado esta semana "},"334853":{"titulo":"Exclusivo! Ex-zagueiro de Guarani e Ponte Preta \u00e9 o novo auxiliar-t\u00e9cnico bugrino","link":"https:\/\/www.futebolinterior.com.br\/exclusivo-ex-zagueiro-de-guarani-e-ponte-preta-e-o-novo-auxiliar-tecnico-bugrino\/","chapeu":"EXCLUSIVO !","data":"13\/06\/2019","imagem":"https:\/\/images.futebolinterior.com.br\/2021\/04\/0002050395054_img-234x300.jpg","resumo":"Ele faz bom trabalho na comiss\u00e3o t\u00e9cnica de Evaristo Pizza no Botafogo-PB \u00e9 o novo auxiliar-t\u00e9cnico permanente do Guarani."},"275115":{"titulo":"S\u00e9rie D: Procurado pelo Guarani, Vin\u00edcius Bergantin reafirma foco no Ituano","link":"https:\/\/www.futebolinterior.com.br\/serie-d-procurado-pelo-guarani-vinicius-bergantin-reafirma-foco-no-ituano\/","chapeu":"HOJE N\u00c3O","data":"13\/06\/2019","imagem":"https:\/\/images.futebolinterior.com.br\/2020\/11\/0002050395030_img-300x200.jpg","resumo":"Treinador era o primeiro nome da diretoria bugrina para substituir Vinicius Eutr\u00f3pio"},"275122":{"titulo":"S\u00e9rie B: Atl\u00e9tico-GO planeja tr\u00eas refor\u00e7os durante a pausa da Copa Am\u00e9rica","link":"https:\/\/www.futebolinterior.com.br\/serie-b-atletico-go-planeja-tres-reforcos-durante-a-pausa-da-copa-america\/","chapeu":"\u00c0S COMPRAS!","data":"13\/06\/2019","imagem":"https:\/\/images.futebolinterior.com.br\/2020\/11\/0002050394981_img-300x170.jpg","resumo":"O presidente do clube afirmou que vai atr\u00e1s de um zagueiro, um meia e um atacante"},"334899":{"titulo":"S\u00e9rie B: Guarani acerta com experiente t\u00e9cnico Roberto Fonseca","link":"https:\/\/www.futebolinterior.com.br\/serie-b-guarani-acerta-com-experiente-tecnico-roberto-fonseca\/","chapeu":"CONFIRMADO!","data":"13\/06\/2019","imagem":"https:\/\/images.futebolinterior.com.br\/2021\/04\/0002050394984_img-300x280.jpg","resumo":"O treinador \u00e9 um dos poucos que j\u00e1 comandou equipes de todas as regi\u00f5es do Brasil"},"275137":{"titulo":"S\u00e9rie B: Figueirense tem pouco tempo de descanso e se reapresenta na ter\u00e7a-feira","link":"https:\/\/www.futebolinterior.com.br\/serie-b-figueirense-tem-pouco-tempo-de-descanso-e-se-reapresenta-na-terca-feira\/","chapeu":"INTERTEMPORADA","data":"13\/06\/2019","imagem":"https:\/\/images.futebolinterior.com.br\/2020\/11\/0002050394959_img-300x200.jpg","resumo":"A equipe catarinense vai promover uma carga diferente de trabalho para cada jogador, dependendo do desgate f\u00edsico"},"275150":{"titulo":"S\u00e9rie B: Londrina apresenta ex-atacante de Gr\u00eamio e Inter","link":"https:\/\/www.futebolinterior.com.br\/serie-b-londrina-apresenta-ex-atacante-de-gremio-e-inter\/","chapeu":"CACHORR\u00c3O","data":"13\/06\/2019","imagem":"https:\/\/images.futebolinterior.com.br\/2020\/11\/0002050394938_img-300x200.jpg","resumo":"O atacante do Joinville chega ao Tubar\u00e3o com v\u00ednculo at\u00e9 o final do ano"},"275152":{"titulo":"S\u00e9rie B: Sa\u00edda de ex-volante do Gr\u00eamio inicia reformula\u00e7\u00e3o no Crici\u00fama","link":"https:\/\/www.futebolinterior.com.br\/serie-b-saida-de-ex-volante-do-gremio-inicia-reformulacao-no-criciuma\/","chapeu":"COME\u00c7OU","data":"13\/06\/2019","imagem":"https:\/\/images.futebolinterior.com.br\/2020\/11\/0002050394935_img-300x200.jpg","resumo":"O executivo de futebol Jo\u00e3o Carlos Maring\u00e1 disse que mais dois ou tr\u00eas jogadores devem sair"}}