{"275182":{"titulo":"S\u00e9rie B: Am\u00e9rica-MG acerta contrata\u00e7\u00e3o de meia do S\u00e3o Paulo","link":"https:\/\/www.futebolinterior.com.br\/serie-b-america-mg-acerta-contratacao-de-meia-do-sao-paulo\/","chapeu":"MAIS UM","data":"12\/06\/2019","imagem":"https:\/\/images.futebolinterior.com.br\/2020\/11\/0002050394816_img-300x203.jpg","resumo":"Antes de Geovane, a diretoria do Coelho havia fechado com seis jogadores desde a chegada de Maur\u00edcio Barbieri"},"335013":{"titulo":"Guarani abre negocia\u00e7\u00e3o com atacante de rival da S\u00e9rie B","link":"https:\/\/www.futebolinterior.com.br\/guarani-abre-negociacao-com-atacante-de-rival-da-serie-b\/","chapeu":"T\u00c1 PERTO","data":"12\/06\/2019","imagem":"https:\/\/images.futebolinterior.com.br\/2021\/04\/0002050394818_img-300x210.jpg","resumo":"Michael Douglas sequer foi relacionado por Eduardo Baptista para o jogo da \u00faltima ter\u00e7a-feira"},"275186":{"titulo":"S\u00e9rie B: Vila Nova negocia com atacante pouco aproveitado em time da elite","link":"https:\/\/www.futebolinterior.com.br\/serie-b-vila-nova-negocia-com-atacante-pouco-aproveitado-em-time-da-elite\/","chapeu":"OLHA S\u00d3","data":"12\/06\/2019","imagem":"https:\/\/images.futebolinterior.com.br\/2020\/11\/0002050394807_img-300x215.jpg","resumo":"O presidente Ecival Martins disse que nos pr\u00f3ximos dias devem chegar dois jogadores \"de S\u00e9rie A\""},"335025":{"titulo":"S\u00e9rie B: T\u00e9cnico do Oper\u00e1rio culpa ansiedade por nova derrota","link":"https:\/\/www.futebolinterior.com.br\/serie-b-tecnico-do-operario-culpa-ansiedade-por-nova-derrota\/","chapeu":"S\u00d3 ISSO?","data":"12\/06\/2019","imagem":"https:\/\/images.futebolinterior.com.br\/2021\/04\/0002050394806_img-300x196.jpg","resumo":"O Fantasma criou boas chances, mas n\u00e3o aproveitou e acabou perdendo para o Paran\u00e1"},"275188":{"titulo":"S\u00e9rie B: T\u00e9cnico v\u00ea evolu\u00e7\u00e3o gradativa do Figueirense e j\u00e1 mira o G4","link":"https:\/\/www.futebolinterior.com.br\/serie-b-tecnico-ve-evolucao-gradativa-do-figueirense-e-ja-mira-o-g4\/","chapeu":"EMPOLGOU","data":"12\/06\/2019","imagem":"https:\/\/images.futebolinterior.com.br\/2020\/11\/0002050394805_img-300x200.jpg","resumo":"Na \u00faltima partida antes da parada para a Copa Am\u00e9rica, o Figueira bateu o Botafogo-SP por 2 a 1"},"335056":{"titulo":"S\u00e9rie B: L\u00e9o Santos tem les\u00e3o confirmada e n\u00e3o joga mais pelo Crici\u00fama na temporada","link":"https:\/\/www.futebolinterior.com.br\/serie-b-leo-santos-tem-lesao-confirmada-e-nao-joga-mais-pelo-criciuma-na-temporada\/","chapeu":"DE MOLHO","data":"12\/06\/2019","imagem":"https:\/\/images.futebolinterior.com.br\/2021\/04\/0002050394777_img-300x225.jpg","resumo":"Zagueiro pode ser devolvido ao Ituano, clube pelo qual ele est\u00e1 emprestado ao clube"},"335121":{"titulo":"S\u00e9rie B: Na vice-lanterna, Guarani demite Eutr\u00f3pio ap\u00f3s quarta derrota seguida","link":"https:\/\/www.futebolinterior.com.br\/serie-b-na-vice-lanterna-guarani-demite-eutropio-apos-quarta-derrota-seguida\/","chapeu":"N\u00c3O DEU","data":"12\/06\/2019","imagem":"https:\/\/images.futebolinterior.com.br\/2021\/04\/0002050394718_img-300x195.jpg","resumo":"No comando desde o in\u00edcio do Brasileiro, treinador n\u00e3o teve bons resultados e a situa\u00e7\u00e3o ficou insustent\u00e1vel"},"335087":{"titulo":"Por falta de pagamento, Guarani \u00e9 acionado na Justi\u00e7a por Philipe Maia, hoje no Vila Nova","link":"https:\/\/www.futebolinterior.com.br\/por-falta-de-pagamento-guarani-e-acionado-na-justica-por-philipe-maia-hoje-no-vila-nova\/","chapeu":"D\u00cdVIDAS","data":"12\/06\/2019","imagem":"https:\/\/images.futebolinterior.com.br\/2021\/04\/0002050394743_img-300x200.jpg","resumo":"Zagueiro cobra pagamento de FGTS, 13\u00ba sal\u00e1rio e f\u00e9rias, referentes aos anos de 2017 e 2018"},"335133":{"titulo":"S\u00e9rie B: Rec\u00e9m-contratados, Roger e Marquinhos lideram arrancada da Ponte Preta ao G4","link":"https:\/\/www.futebolinterior.com.br\/serie-b-recem-contratados-roger-e-marquinhos-lideram-arrancada-da-ponte-preta-ao-g4\/","chapeu":"SUCESSO TOTAL","data":"12\/06\/2019","imagem":"https:\/\/images.futebolinterior.com.br\/2021\/04\/0002050394693_img-300x244.jpg","resumo":"Invicta em quatro jogos, dupla ex-Corinthians dispara produtividade ofensiva e pontos da Macaca "},"335187":{"titulo":"No 4-3-3, Sele\u00e7\u00e3o FI da S\u00e9rie B tem goleiro-artilheiro e maestros","link":"https:\/\/www.futebolinterior.com.br\/no-4-3-3-selecao-fi-da-serie-b-tem-goleiro-artilheiro-e-maestros\/","chapeu":"OS MELHORES","data":"11\/06\/2019","imagem":"https:\/\/images.futebolinterior.com.br\/2021\/04\/0002050394665_img-300x218.jpg","resumo":"Os melhores da oitava rodada ser\u00e3o comandados por Renan Freitas, que levou o Oeste a vit\u00f3ria sobre o Vit\u00f3ria"}}