{"334531":{"titulo":"Luto! Morre cronista esportivo que comandou o auge da R\u00e1dio Tupi de S\u00e3o Paulo","link":"https:\/\/www.futebolinterior.com.br\/luto-morre-cronista-esportivo-que-comandou-o-auge-da-radio-tupi-de-sao-paulo\/","chapeu":"BRILHOU NA TUPI","data":"15\/06\/2019","imagem":"https:\/\/images.futebolinterior.com.br\/2021\/04\/0002050395457_img-300x204.jpg","resumo":"Tinha 89 anos e, al\u00e9m de aposentado da imprensa esportiva, era funcion\u00e1rio p\u00fablico aposentado da Prefeitura de S\u00e3o Paulo"},"275046":{"titulo":"S\u00e9rie B: Destaque em 2018, Willians Santana deve voltar ao CRB","link":"https:\/\/www.futebolinterior.com.br\/serie-b-destaque-em-2018-willians-santana-deve-voltar-ao-crb\/","chapeu":"O RETORNO","data":"15\/06\/2019","imagem":"https:\/\/images.futebolinterior.com.br\/2020\/11\/0002050395415_img-300x200.jpg","resumo":"O atacante estava atuando no futebol do Catar e j\u00e1 est\u00e1 em Macei\u00f3 para assinar com o clube alagoano"},"334563":{"titulo":"Imprensa: Irm\u00e3os se emocionam ao receber homenagem na C\u00e2mara de Campinas","link":"https:\/\/www.futebolinterior.com.br\/imprensa-irmaos-se-emocionam-ao-receber-homenagem-na-camara-de-campinas\/","chapeu":"JUSTA HOMENAGEM","data":"15\/06\/2019","imagem":"https:\/\/images.futebolinterior.com.br\/2021\/04\/0002050395406_img-300x225.jpg","resumo":"Indica\u00e7\u00e3o do vereador Jota Silva rendeu Diploma 'S\u00e9rgio Jos\u00e9 Salvucci' a dois amantes do r\u00e1dio"},"334569":{"titulo":"'Guarani em Noite de Gala' re\u00fane amigos, jornalistas, causa surpresa e at\u00e9 une rivais","link":"https:\/\/www.futebolinterior.com.br\/guarani-em-noite-de-gala-reune-amigos-jornalistas-causa-surpresa-e-ate-une-rivais\/","chapeu":"LAN\u00c7AMENTO","data":"15\/06\/2019","imagem":"https:\/\/images.futebolinterior.com.br\/2021\/04\/0002050395387_img-300x232.jpg","resumo":"Escritor Luiz Roberto Saviani Rey reuniu personalidades no lan\u00e7amento de seu mais novo livro"},"275060":{"titulo":"S\u00e9rie B: Lateral do Flamengo \u00e9 observado pela diretoria da Ponte Preta","link":"https:\/\/www.futebolinterior.com.br\/serie-b-lateral-do-flamengo-e-observado-pela-diretoria-da-ponte-preta\/","chapeu":"PRETENDIDO","data":"15\/06\/2019","imagem":"https:\/\/images.futebolinterior.com.br\/2020\/11\/0002050395371_img-300x206.jpg","resumo":"Klebinho, de 20 anos, n\u00e3o vem sendo aproveitado no Mengo e deve ser emprestado para a Macaca"},"275068":{"titulo":"S\u00e9rie B: Figueirense n\u00e3o atinge meta e vai para a pausa fora do G4","link":"https:\/\/www.futebolinterior.com.br\/serie-b-figueirense-nao-atinge-meta-e-vai-para-a-pausa-fora-do-g4\/","chapeu":"N\u00c3O DEU","data":"14\/06\/2019","imagem":"https:\/\/images.futebolinterior.com.br\/2020\/11\/0002050395331_img-300x200.jpg","resumo":"O time catarinense somou 13 pontos nas oito primeiras rodadas e tem dois a menos que a Ponte Preta"},"275070":{"titulo":"S\u00e9rie B: Na pausa para a Copa Am\u00e9rica, Coritiba busca \"refor\u00e7os pontuais\"","link":"https:\/\/www.futebolinterior.com.br\/serie-b-na-pausa-para-a-copa-america-coritiba-busca-reforcos-pontuais\/","chapeu":"QUEM VEM?","data":"14\/06\/2019","imagem":"https:\/\/images.futebolinterior.com.br\/2020\/11\/0002050395324_img-300x225.jpg","resumo":"O elenco alviverde deve passar por algumas mudan\u00e7as e n\u00e3o est\u00e3o descartadas sa\u00eddas de jogadores"},"275084":{"titulo":"S\u00e9rie B: Sem agradar, atacante \u00e9 liberado pelo Atl\u00e9tico-GO","link":"https:\/\/www.futebolinterior.com.br\/serie-b-sem-agradar-atacante-e-liberado-pelo-atletico-go\/","chapeu":"TCHAU","data":"14\/06\/2019","imagem":"https:\/\/images.futebolinterior.com.br\/2020\/11\/0002050395279_img-300x199.jpg","resumo":"Contratado como aposta junto ao Guarani de Divin\u00f3polis, Pedrinho disputou apenas quatro jogos"},"334707":{"titulo":"S\u00e9rie B: Ponte Preta torce por negocia\u00e7\u00e3o de Ravanelli, hoje na R\u00fassia","link":"https:\/\/www.futebolinterior.com.br\/serie-b-ponte-preta-torce-por-negociacao-de-ravanelli-hoje-na-russia\/","chapeu":"QUEM SABE","data":"14\/06\/2019","imagem":"https:\/\/images.futebolinterior.com.br\/2021\/04\/0002050395251_img-300x186.jpg","resumo":"Cria das categorias de base pode ajudar Macaca em caso de sa\u00edda do Akhmat Grozny (RUS)"},"334711":{"titulo":"Presidente vira especialista em contratar piores treinadores da hist\u00f3ria do Guarani","link":"https:\/\/www.futebolinterior.com.br\/presidente-vira-especialista-em-contratar-piores-treinadores-da-historia-do-guarani\/","chapeu":"N\u00daMEROS","data":"14\/06\/2019","imagem":"https:\/\/images.futebolinterior.com.br\/2021\/04\/0002050395242_img-220x300.jpg","resumo":"Desde que assumiu o clube, em meados de 2017, Palmeron Mendes foi respons\u00e1vel pela contrata\u00e7\u00e3o de cinco treinadores "}}