{"275015":{"titulo":"S\u00e9rie B: Ponte Preta anuncia contrata\u00e7\u00e3o de ex-atacante do Fluminense","link":"https:\/\/www.futebolinterior.com.br\/serie-b-ponte-preta-anuncia-contratacao-de-ex-atacante-do-fluminense\/","chapeu":"CARA NOVA","data":"17\/06\/2019","imagem":"https:\/\/images.futebolinterior.com.br\/2020\/11\/0002050395783_img-300x235.jpg","resumo":"A chegada de Jo\u00e3o Carlos aumenta ainda mais a possibilidade de Thalles ser liberado pela diretoria"},"275008":{"titulo":"Guarani e Ponte formam um time de contrata\u00e7\u00f5es erradas em 2019. Confira!","link":"https:\/\/www.futebolinterior.com.br\/guarani-e-ponte-formam-um-time-de-contratacoes-erradas-em-2019-confira\/","chapeu":"O QUE ACHA?","data":"17\/06\/2019","imagem":"https:\/\/images.futebolinterior.com.br\/2020\/11\/0002050395792_img-300x200.jpg","resumo":"As duas diretorias erraram bastante e n\u00e3o \u00e9 a toa que os elencos est\u00e3o sendo reformulados com a S\u00e9rie B em andamento"},"334286":{"titulo":"De sa\u00edda: Meia tem contrato rescindido com a Ponte Preta e fica livre no mercado","link":"https:\/\/www.futebolinterior.com.br\/de-saida-meia-tem-contrato-rescindido-com-a-ponte-preta-e-fica-livre-no-mercado\/","chapeu":"SURPRESA","data":"17\/06\/2019","imagem":"https:\/\/images.futebolinterior.com.br\/2021\/04\/0002050395780_img-300x200.jpg","resumo":"Acordo com Matheus Oliveira foi assinado em comum acordo sem maiores explica\u00e7\u00f5es por parte da Macaca"},"334290":{"titulo":"Da base ao profissional, volante da Ponte Preta ganha confian\u00e7a de Jorginho","link":"https:\/\/www.futebolinterior.com.br\/da-base-ao-profissional-volante-da-ponte-preta-ganha-confianca-de-jorginho\/","chapeu":"ESPA\u00c7O","data":"17\/06\/2019","imagem":"https:\/\/images.futebolinterior.com.br\/2021\/04\/0002050395777_img-300x200.jpg","resumo":"Aos poucos o volante Camilo est\u00e1 se firmando no time profissional da Ponte Preta"},"275023":{"titulo":"Coritiba lidera e campineiros decepcionam. Confira o ranking de p\u00fablico da S\u00e9rie B!","link":"https:\/\/www.futebolinterior.com.br\/coritiba-lidera-e-campineiros-decepcionam-confira-o-ranking-de-publico-da-serie-b\/","chapeu":"VEJA AQUI!","data":"17\/06\/2019","imagem":"https:\/\/images.futebolinterior.com.br\/2020\/11\/0002050395768_img-300x225.jpg","resumo":"O apoio vindo das arquibancadas pode fazer a diferen\u00e7a em um campeonato t\u00e3o equilibrado"},"334302":{"titulo":"Com propostas e na reserva, lateral pode deixar Guarani","link":"https:\/\/www.futebolinterior.com.br\/com-propostas-e-na-reserva-lateral-pode-deixar-guarani\/","chapeu":"DE SA\u00cdDA?","data":"17\/06\/2019","imagem":"https:\/\/images.futebolinterior.com.br\/2021\/04\/0002050395760_img-300x200.png","resumo":"Titular no in\u00edcio da S\u00e9rie B, In\u00e1cio perdeu espa\u00e7o ap\u00f3s a chegada de Armero e j\u00e1 foi procurado por rivais do Bugre"},"334319":{"titulo":"Em clima de mist\u00e9rio, Rom\u00e1rio engata namoro com gata de apenas 22 anos","link":"https:\/\/www.futebolinterior.com.br\/em-clima-de-misterio-romario-engata-namoro-com-gata-de-apenas-22-anos\/","chapeu":"BAIXINHO","data":"17\/06\/2019","imagem":"https:\/\/images.futebolinterior.com.br\/2021\/04\/0002050395741_img-300x300.jpg","resumo":"Rom\u00e1rio est\u00e1 apaixonado. O ex-atacante da Sele\u00e7\u00e3o Brasileira, hoje Senador, engatou um namoro com a gata Ana Karolina Naz\u00e1rio, de 22 anos"},"334324":{"titulo":"S\u00e9rie B: Com proposta de clube \u00e1rabe, treinador \u00e9 bancado pelo Figueirense","link":"https:\/\/www.futebolinterior.com.br\/serie-b-com-proposta-de-clube-arabe-treinador-e-bancado-pelo-figueirense\/","chapeu":"ELE FICA!","data":"17\/06\/2019","imagem":"https:\/\/images.futebolinterior.com.br\/2021\/04\/0002050395727_img-300x204.jpg","resumo":"O clube catarinense postou no twitter anunciando a perman\u00eancia de Hemerson Maria"},"334361":{"titulo":"PLACAR FI: Confira TODOS os resultados dos jogos deste DOMINGO!","link":"https:\/\/www.futebolinterior.com.br\/placar-fi-confira-todos-os-resultados-dos-jogos-deste-domingo-11\/","chapeu":"GIRO DO DIA","data":"16\/06\/2019","imagem":"https:\/\/images.futebolinterior.com.br\/2021\/04\/0002050395683_img-300x200.jpg","resumo":"A lista inclui a primeira vit\u00f3ria do Atl\u00e9tico Acreano na S\u00e9rie C, triunfos dos EUA e Su\u00e9cia na Copa do Mundo Feminina e muito mais"},"334416":{"titulo":"Ivan compara emo\u00e7\u00e3o do t\u00edtulo com a Sele\u00e7\u00e3o \u00e0 estreia na Ponte Preta","link":"https:\/\/www.futebolinterior.com.br\/ivan-compara-emocao-do-titulo-com-a-selecao-a-estreia-na-ponte-preta\/","chapeu":"CAMPE\u00c3O","data":"16\/06\/2019","imagem":"https:\/\/images.futebolinterior.com.br\/2021\/04\/0002050395603_img-240x300.jpg","resumo":"Aos poucos, Ivan est\u00e1 cravando seu nome no cora\u00e7\u00e3o dos torcedores da Ponte Preta"}}