{"334076":{"titulo":"Em recupera\u00e7\u00e3o de les\u00e3o, atacante do Guarani volta a correr em volta do gramado","link":"https:\/\/www.futebolinterior.com.br\/em-recuperacao-de-lesao-atacante-do-guarani-volta-a-correr-em-volta-do-gramado\/","chapeu":"VOLTANDO","data":"18\/06\/2019","imagem":"https:\/\/images.futebolinterior.com.br\/2021\/04\/0002050395981_img-300x200.jpg","resumo":"Jogador entra em nova fase do tratamento ap\u00f3s romper o tend\u00e3o de Aquiles em fevereiro"},"334133":{"titulo":"S\u00e3o Paulo empresta jovem da base ao S\u00e3o Bento at\u00e9 o final da temporada","link":"https:\/\/www.futebolinterior.com.br\/sao-paulo-empresta-jovem-da-base-ao-sao-bento-ate-o-final-da-temporada\/","chapeu":"SEM ESPA\u00c7O","data":"18\/06\/2019","imagem":"https:\/\/images.futebolinterior.com.br\/2021\/04\/0002050395938_img-300x193.jpg","resumo":"Paulinho B\u00f3ia retornou do Portimonense de Portugal e, sem espa\u00e7o no Morumbi, vai ao time de Sorocaba"},"274980":{"titulo":"Chapecoense mira contrata\u00e7\u00e3o de ex-Ponte que est\u00e1 em time da S\u00e9rie B","link":"https:\/\/www.futebolinterior.com.br\/chapecoense-mira-contratacao-de-ex-ponte-que-esta-em-time-da-serie-b\/","chapeu":"BOM NOME?","data":"18\/06\/2019","imagem":"https:\/\/images.futebolinterior.com.br\/2020\/11\/0002050395911_img-300x200.jpg","resumo":"Juninho \u00e9 titular absoluto no Am\u00e9rica-MG, onde est\u00e1 desde 2016 e fez mais de 130 partidas"},"334189":{"titulo":"Ponte Preta negocia com destaque da S\u00e9rie D e perde revela\u00e7\u00e3o para o Corinthians","link":"https:\/\/www.futebolinterior.com.br\/ponte-preta-negocia-com-destaque-da-serie-d-e-perde-revelacao-para-o-corinthians\/","chapeu":"MERCADO AGITADO","data":"17\/06\/2019","imagem":"https:\/\/images.futebolinterior.com.br\/2021\/04\/0002050395883_img-300x194.jpg","resumo":"Mariano marcou seis gols pelo S\u00e3o Raimuindo-PA na fase de grupos e chamou aten\u00e7\u00e3o da Macaca"},"334238":{"titulo":"S\u00e9rie B: Experiente, zagueiro do CRB comemora pausa para a Copa Am\u00e9rica","link":"https:\/\/www.futebolinterior.com.br\/serie-b-experiente-zagueiro-do-crb-comemora-pausa-para-a-copa-america\/","chapeu":"\u00c9 UMA BOA","data":"17\/06\/2019","imagem":"https:\/\/images.futebolinterior.com.br\/2021\/04\/0002050395831_img-300x237.jpg","resumo":"O Galo da Paju\u00e7ara perdeu as \u00faltimas duas partidas antes da paralisa\u00e7\u00e3o e se distanciou do G4"},"334253":{"titulo":"Oeste contrata meia-atacante com passagem por times de Campinas","link":"https:\/\/www.futebolinterior.com.br\/oeste-contrata-meia-atacante-com-passagem-por-times-de-campinas\/","chapeu":"REFOR\u00c7O","data":"17\/06\/2019","imagem":"https:\/\/images.futebolinterior.com.br\/2021\/04\/0002050395820_img-300x199.jpg","resumo":"Matheus Oliveira jogou por Red Bull, Guarani e Ponte Preta, com quem rescindiu contrato nesta segunda"},"274994":{"titulo":"S\u00e9rie B: Com elenco de folga, diretoria do Crici\u00fama trabalha em busca de refor\u00e7os","link":"https:\/\/www.futebolinterior.com.br\/serie-b-com-elenco-de-folga-diretoria-do-criciuma-trabalha-em-busca-de-reforcos\/","chapeu":"QUEM VEM?","data":"17\/06\/2019","imagem":"https:\/\/images.futebolinterior.com.br\/2020\/11\/0002050395814_img-300x200.jpg","resumo":"A contrata\u00e7\u00e3o de um zagueiro se tornou prioridade ap\u00f3s a grave contus\u00e3o de L\u00e9o Santos, que s\u00f3 volta a jogar em 2019"},"274992":{"titulo":"S\u00e9rie B: Bragantino acerta jogos-treino contra times europeus na intertemporada","link":"https:\/\/www.futebolinterior.com.br\/serie-b-bragantino-acerta-jogos-treino-contra-times-europeus-na-intertemporada\/","chapeu":"OS ESCOLHIDOS","data":"17\/06\/2019","imagem":"https:\/\/images.futebolinterior.com.br\/2020\/11\/0002050395821_img-300x225.jpg","resumo":"O Massa Bruta vai viajar para a \u00c1ustria e vai ficar no CT do Red Bull Salzburg do dia 21 de junho ao dia 4 de julho"},"334268":{"titulo":"S\u00e9rie B: Sem espa\u00e7o no Santos, ex-Ponte e Corinthians est\u00e1 a caminho do Oeste","link":"https:\/\/www.futebolinterior.com.br\/serie-b-sem-espaco-no-santos-ex-ponte-e-corinthians-esta-a-caminho-do-oeste\/","chapeu":"BOM NOME?","data":"17\/06\/2019","imagem":"https:\/\/images.futebolinterior.com.br\/2021\/04\/0002050395809_img-300x201.jpg","resumo":"Cl\u00e9ber Reis n\u00e3o est\u00e1 nos planos de Jorge Sampaoli e ser\u00e1 emprestado para a sequ\u00eancia da temporada"},"334272":{"titulo":"Presidente do Guarani erra n\u00fameros ao explicar m\u00e9dia de gols de Michel Douglas","link":"https:\/\/www.futebolinterior.com.br\/presidente-do-guarani-erra-numeros-ao-explicar-media-de-gols-de-michel-douglas\/","chapeu":"ERROOOOUUUU","data":"17\/06\/2019","imagem":"https:\/\/images.futebolinterior.com.br\/2021\/04\/0002050395800_img-300x190.png","resumo":"Palmeron Mendes Filho afirma que m\u00e9dia de poss\u00edvel refor\u00e7o do Bugre \u00e9 melhor que outros atacantes oferecidos"}}