{"274930":{"titulo":"S\u00e9rie B: Ponte Preta admite que jogadores est\u00e3o com sal\u00e1rios atrasados","link":"https:\/\/www.futebolinterior.com.br\/serie-b-ponte-preta-admite-que-jogadores-estao-com-salarios-atrasados\/","chapeu":"QUE SITUA\u00c7\u00c3O","data":"18\/06\/2019","imagem":"https:\/\/images.futebolinterior.com.br\/2020\/11\/0002050396079_img-300x200.jpg","resumo":"Um \u00e1udio vazado atribu\u00eddo ao meia Alex Maranh\u00e3o falando sobre sal\u00e1rios atrasados na Macaca mexeu com os bastidores do Mois\u00e9s Lucarelli"},"274932":{"titulo":"S\u00e9rie B: Diretoria do Guarani prepara lista de dispensa","link":"https:\/\/www.futebolinterior.com.br\/serie-b-diretoria-do-guarani-prepara-lista-de-dispensa\/","chapeu":"OLHA A BARCA","data":"18\/06\/2019","imagem":"https:\/\/images.futebolinterior.com.br\/2020\/11\/0002050396071_img-300x222.jpg","resumo":"Alguns jogadores que vinham sendo titulares sob o comando de Vin\u00edcius Eutr\u00f3pio podem deixar o clube"},"274934":{"titulo":"T\u00e9cnico confirma proposta do futebol \u00e1rabe e explica porque permanece no Figueirense","link":"https:\/\/www.futebolinterior.com.br\/tecnico-confirma-proposta-do-futebol-arabe-e-explica-porque-permanece-no-figueirense\/","chapeu":"N\u00c3O SAI","data":"18\/06\/2019","imagem":"https:\/\/images.futebolinterior.com.br\/2020\/11\/0002050396070_img-300x188.jpg","resumo":"O treinador foi procurado por um clube \u00e1rabe e a proposta era boa financeiramente, mas ele segue no clube de Santa Catarina"},"274938":{"titulo":"De sa\u00edda do Vila Nova, ex-Guarani se aproxima de rival da S\u00e9rie B","link":"https:\/\/www.futebolinterior.com.br\/de-saida-do-vila-nova-ex-guarani-se-aproxima-de-rival-da-serie-b\/","chapeu":"CASA NOVA?","data":"18\/06\/2019","imagem":"https:\/\/images.futebolinterior.com.br\/2020\/11\/0002050396007_img-300x203.jpg","resumo":"Denner perdeu espa\u00e7o no Tigre e deve ser anunciado pelo Londrina ainda nesta semana"},"274943":{"titulo":"S\u00e9rie B: Sem ser aproveitado, lateral \u00e9 dispensado pelo Oper\u00e1rio","link":"https:\/\/www.futebolinterior.com.br\/serie-b-sem-ser-aproveitado-lateral-e-dispensado-pelo-operario\/","chapeu":"TCHAU","data":"18\/06\/2019","imagem":"https:\/\/images.futebolinterior.com.br\/2020\/11\/0002050395999_img-300x241.jpg","resumo":"L\u00e9o estava no clube desde o ano passado, mas disputou apenas sete jogos nesta temporada"},"274945":{"titulo":"S\u00e9rie B: Londrina retoma os treinos com dois refor\u00e7os","link":"https:\/\/www.futebolinterior.com.br\/serie-b-londrina-retoma-os-treinos-com-dois-reforcos\/","chapeu":"REAPRESENTA\u00c7\u00c3O","data":"18\/06\/2019","imagem":"https:\/\/images.futebolinterior.com.br\/2020\/11\/0002050395995_img-300x200.jpg","resumo":"O goleiro C\u00e9sar e o atacante Nathan j\u00e1 devem come\u00e7ar a participar das atividades comandadas pelo t\u00e9cnico Alem\u00e3o"},"334069":{"titulo":"Ponte Preta aguarda jogo decisivo da S\u00e9rie D para oficializar outro atacante","link":"https:\/\/www.futebolinterior.com.br\/ponte-preta-aguarda-jogo-decisivo-da-serie-d-para-oficializar-outro-atacante\/","chapeu":"S\u00d3 AQUI NO FI","data":"18\/06\/2019","imagem":"https:\/\/images.futebolinterior.com.br\/2021\/04\/0002050395994_img-300x200.jpg","resumo":"A Macaca j\u00e1 tem tudo certo com o Mariano, fato que foi confirmado pelo t\u00e9cnico do S\u00e3o Raimundo-PA em entrevista exclusiva ao FI"},"274950":{"titulo":"S\u00e9rie B: Elenco do Brasil de Pelotas que fazer \"gordura\" para se distanciar do Z4","link":"https:\/\/www.futebolinterior.com.br\/serie-b-elenco-do-brasil-de-pelotas-que-fazer-gordura-para-se-distanciar-do-z4\/","chapeu":"FOCO","data":"18\/06\/2019","imagem":"https:\/\/images.futebolinterior.com.br\/2020\/11\/0002050395991_img-300x219.jpg","resumo":"O Xavante terminou essa primeira parte do campeonato com dois pontos a mais que o Oper\u00e1rio, primeiro da degola"},"274952":{"titulo":"S\u00e9rie B: Lateral de duas Copas deve ter reuni\u00e3o para definir se permanece no Crici\u00fama","link":"https:\/\/www.futebolinterior.com.br\/serie-b-lateral-de-duas-copas-deve-ter-reuniao-para-definir-se-permanece-no-criciuma\/","chapeu":"FIM DA LINHA?","data":"18\/06\/2019","imagem":"https:\/\/images.futebolinterior.com.br\/2020\/11\/0002050395989_img-300x200.jpg","resumo":"O jogador recebe pro produtividade e, caso n\u00e3o tenha mais espa\u00e7o no time titular, deve deixar o elenco carvoeiro"},"274954":{"titulo":"S\u00e9rie B: Guarani negocia com zagueiro de time do Brasileir\u00e3o","link":"https:\/\/www.futebolinterior.com.br\/serie-b-guarani-negocia-com-zagueiro-de-time-do-brasileirao\/","chapeu":"NOVO REFOR\u00c7O?","data":"18\/06\/2019","imagem":"https:\/\/images.futebolinterior.com.br\/2020\/11\/0002050395988_img-300x169.jpg","resumo":"Patrick n\u00e3o est\u00e1 sendo aproveitado no Fortaleza e ganhou for\u00e7a nos \u00faltimos dias; Fl\u00e1vio Boaventura tamb\u00e9m est\u00e1 sendo observado"}}