{"274852":{"titulo":"Primeiro dia de Fonseca no Guarani tem desfalques e refor\u00e7o ex-Vasco","link":"https:\/\/www.futebolinterior.com.br\/primeiro-dia-de-fonseca-no-guarani-tem-desfalques-e-reforco-ex-vasco\/","chapeu":"NOVIDADES","data":"20\/06\/2019","imagem":"https:\/\/images.futebolinterior.com.br\/2020\/11\/0002050396282_img-300x202.png","resumo":"Armero e Felipe Amorim foram liberados por problemas pessoais e s\u00f3 voltam na segunda, enquanto o novo zagueiro come\u00e7a treinamentos"},"274857":{"titulo":"Em v\u00eddeo, Alex Maranh\u00e3o ameniza \u00e1udio vazado e promete honrar compromisso com a Ponte","link":"https:\/\/www.futebolinterior.com.br\/em-video-alex-maranhao-ameniza-audio-vazado-e-promete-honrar-compromisso-com-a-ponte\/","chapeu":"EXPLICA\u00c7\u00d5ES","data":"20\/06\/2019","imagem":"https:\/\/images.futebolinterior.com.br\/2020\/11\/0002050396265_img-300x169.jpg","resumo":"Meia da Macaca publicou veio a p\u00fablico atrav\u00e9s de seus agentes e garante luta pelo acesso e t\u00edtulo na S\u00e9rie B pela Macaca"},"333930":{"titulo":"Com nome ligado a Ponte Preta, atacante da Chapecoense deve ir ao Atl\u00e9tico-MG","link":"https:\/\/www.futebolinterior.com.br\/com-nome-ligado-a-ponte-preta-atacante-da-chapecoense-deve-ir-ao-atletico-mg\/","chapeu":"N\u00c3O VEM","data":"19\/06\/2019","imagem":"https:\/\/images.futebolinterior.com.br\/2021\/04\/0002050396198_img-300x200.jpg","resumo":"Bruno Silva foi oferecido, Macaca n\u00e3o demonstrou interesse e deve perder jogador para o Galo mineiro"},"333940":{"titulo":"Botafogo-SP come\u00e7a a vender ingressos para inaugura\u00e7\u00e3o da Arena Eurobike","link":"https:\/\/www.futebolinterior.com.br\/botafogo-sp-comeca-a-vender-ingressos-para-inauguracao-da-arena-eurobike\/","chapeu":"CASA NOVA","data":"19\/06\/2019","imagem":"https:\/\/images.futebolinterior.com.br\/2021\/04\/0002050396192_img-300x185.jpg","resumo":"Time de Ribeir\u00e3o Preto far\u00e1 amistoso contra o Corinthians na partida que marca abertura do local"},"274873":{"titulo":"Novidades e refor\u00e7o internacional: Bragantino ter\u00e1 mudan\u00e7as ap\u00f3s Copa Am\u00e9rica","link":"https:\/\/www.futebolinterior.com.br\/novidades-e-reforco-internacional-bragantino-tera-mudancas-apos-copa-america\/","chapeu":"ELENCO RECHEADO","data":"19\/06\/2019","imagem":"https:\/\/images.futebolinterior.com.br\/2020\/11\/0002050396187_img-300x204.jpg","resumo":"Osman retorna ap\u00f3s transfer\u00eancia fracassada, Robinho e Morato ficam \u00e0 disposi\u00e7\u00e3o para estrear e meia ex-Braga de Portugal chega"},"333949":{"titulo":"S\u00e9rie B: Figueirense est\u00e1 pr\u00f3ximo de contratar meia boliviano de apenas 22 anos","link":"https:\/\/www.futebolinterior.com.br\/serie-b-figueirense-esta-proximo-de-contratar-meia-boliviano-de-apenas-22-anos\/","chapeu":"APOSTA","data":"19\/06\/2019","imagem":"https:\/\/images.futebolinterior.com.br\/2021\/04\/0002050396182_img-300x251.jpg","resumo":"O Figueirense est\u00e1 pr\u00f3ximo de confirmar a contrata\u00e7\u00e3o do meia H\u00e9ctor Ronaldo S\u00e1nchez, de 22 anos"},"274878":{"titulo":"Roberto Fonseca promete analisar elenco do Guarani antes de libera\u00e7\u00f5es e contrata\u00e7\u00f5es","link":"https:\/\/www.futebolinterior.com.br\/roberto-fonseca-promete-analisar-elenco-do-guarani-antes-de-liberacoes-e-contratacoes\/","chapeu":"EM OBSERVA\u00c7\u00c3O","data":"19\/06\/2019","imagem":"https:\/\/images.futebolinterior.com.br\/2020\/11\/0002050396177_img-300x183.png","resumo":"Treinador n\u00e3o tem decis\u00f5es pr\u00e9-estabelecidas e quer conhecer jogadores para n\u00e3o cometer injusti\u00e7as"},"333954":{"titulo":"Roberto Fonseca chega ao Guarani, promete conversa com time e fala em futebol alegre","link":"https:\/\/www.futebolinterior.com.br\/roberto-fonseca-chega-ao-guarani-promete-conversa-com-time-e-fala-em-futebol-alegre\/","chapeu":"NOVO COMANDO","data":"19\/06\/2019","imagem":"https:\/\/images.futebolinterior.com.br\/2021\/04\/0002050396171_img-300x200.png","resumo":"Elenco retorna aos trabalhos nessa quarta-feira sob o comando do novo treinador"},"274918":{"titulo":"CBF marca d\u00e9rbi 194 para v\u00e9spera de anivers\u00e1rio da Ponte Preta","link":"https:\/\/www.futebolinterior.com.br\/cbf-marca-derbi-194-para-vespera-de-aniversario-da-ponte-preta\/","chapeu":"DEFINIDO","data":"19\/06\/2019","imagem":"https:\/\/images.futebolinterior.com.br\/2020\/11\/0002050396122_img-300x199.jpg","resumo":"O cl\u00e1ssico campineiro v\u00e1lido pela 15\u00aa rodada da S\u00e9rie B ser\u00e1 no dia 10 de agosto, \u00e0s 11 horas, no Mois\u00e9s Lucarelli"},"274923":{"titulo":"S\u00e9rie B: Elenco do Guarani acredita na recupera\u00e7\u00e3o ap\u00f3s pausa para a Copa Am\u00e9rica","link":"https:\/\/www.futebolinterior.com.br\/serie-b-elenco-do-guarani-acredita-na-recuperacao-apos-pausa-para-a-copa-america\/","chapeu":"SER\u00c1?","data":"18\/06\/2019","imagem":"https:\/\/images.futebolinterior.com.br\/2020\/11\/0002050396095_img-300x199.jpg","resumo":"A diretoria alviverde vem aproveitando a falta de jogos para mudar a comiss\u00e3o t\u00e9cnica e o elenco"}}