{"274816":{"titulo":"Guarani e Palmeiras acertam \u00faltimos detalhes para amistoso no Brinco de Ouro","link":"https:\/\/www.futebolinterior.com.br\/guarani-e-palmeiras-acertam-ultimos-detalhes-para-amistoso-no-brinco-de-ouro\/","chapeu":"TESTE","data":"21\/06\/2019","imagem":"https:\/\/images.futebolinterior.com.br\/2020\/11\/0002050396385_img-300x169.jpg","resumo":"Partida acontecer\u00e1 em 3 de julho, ainda sem hor\u00e1rio definido pela organiza\u00e7\u00e3o do confronto"},"274821":{"titulo":"\u00cddolo analisa temporada do Guarani: \"Ficar na S\u00e9rie B seria uma grande coisa\"","link":"https:\/\/www.futebolinterior.com.br\/idolo-analisa-temporada-do-guarani-ficar-na-serie-b-seria-uma-grande-coisa\/","chapeu":"CRAVOU!","data":"20\/06\/2019","imagem":"https:\/\/images.futebolinterior.com.br\/2020\/11\/0002050396344_img-300x169.jpg","resumo":"Amoroso n\u00e3o cr\u00ea no Bugre brigando pelo acesso, mas quer o time longe da zona de rebaixamento"},"274829":{"titulo":"Meia se aproxima de retorno no Figueirense. Outros tr\u00eas seguem no DM at\u00e9 o fim do ano","link":"https:\/\/www.futebolinterior.com.br\/meia-se-aproxima-de-retorno-no-figueirense-outros-tres-seguem-no-dm-ate-o-fim-do-ano\/","chapeu":"LESIONADOS","data":"20\/06\/2019","imagem":"https:\/\/images.futebolinterior.com.br\/2020\/11\/0002050396332_img-300x200.jpg","resumo":"O preparador f\u00edsico Betinho Cabral explicou a situa\u00e7\u00e3o de cada um dos quatro atletas que est\u00e3o no departamento m\u00e9dico"},"274833":{"titulo":"Coritiba muda discurso e j\u00e1 toma provid\u00eancia \"amig\u00e1vel e jur\u00eddica\" para Alan Costa","link":"https:\/\/www.futebolinterior.com.br\/coritiba-muda-discurso-e-ja-toma-providencia-amigavel-e-juridica-para-alan-costa\/","chapeu":"SOLU\u00c7\u00c3O R\u00c1PIDA","data":"20\/06\/2019","imagem":"https:\/\/images.futebolinterior.com.br\/2020\/11\/0002050396322_img-300x226.jpg","resumo":"Zagueiro se recusou a viajar com elenco quando soube que seria reserva e clube decidiu negoci\u00e1-lo, mas agora quer acelerar sa\u00edda"},"333818":{"titulo":"S\u00e9rie C: Time da S\u00e9rie B empresta meia-atacante ao ABC","link":"https:\/\/www.futebolinterior.com.br\/serie-c-time-da-serie-b-empresta-meia-atacante-ao-abc\/","chapeu":"CASA NOVA","data":"20\/06\/2019","imagem":"https:\/\/images.futebolinterior.com.br\/2021\/04\/0002050396311_img-300x153.jpg","resumo":"Diones assinar\u00e1 contrato de empr\u00e9stimo v\u00e1lido at\u00e9 o fim da terceira divis\u00e3o nacional"},"274837":{"titulo":"S\u00e9rie B: CRB quer atacante do Am\u00e9rica-MG para sequ\u00eancia da competi\u00e7\u00e3o","link":"https:\/\/www.futebolinterior.com.br\/serie-b-crb-quer-atacante-do-america-mg-para-sequencia-da-competicao\/","chapeu":"VAI E VEM","data":"20\/06\/2019","imagem":"https:\/\/images.futebolinterior.com.br\/2020\/11\/0002050396309_img-300x200.jpg","resumo":"J\u00fanior Vi\u00e7osa interessa ao time alagoano que recementemente dispensou dois centroavantes do elenco"},"274839":{"titulo":"S\u00e9rie B: Crici\u00fama se reapresenta ap\u00f3s uma semana de folga","link":"https:\/\/www.futebolinterior.com.br\/serie-b-criciuma-se-reapresenta-apos-uma-semana-de-folga\/","chapeu":"DE VOLTA","data":"20\/06\/2019","imagem":"https:\/\/images.futebolinterior.com.br\/2020\/11\/0002050396304_img-300x200.jpg","resumo":"O time de Gilson Kleina visa manter o embalo quando a S\u00e9rie B voltar para brigar na parte de cima da tabela"},"333832":{"titulo":"Limite de jogos emperra dispensa de atletas fora dos planos da diretoria do Guarani","link":"https:\/\/www.futebolinterior.com.br\/limite-de-jogos-emperra-dispensa-de-atletas-fora-dos-planos-da-diretoria-do-guarani\/","chapeu":"E AGORA?","data":"20\/06\/2019","imagem":"https:\/\/images.futebolinterior.com.br\/2021\/04\/0002050396302_img-300x198.png","resumo":"Goleiro Giovanni e zagueiro Xand\u00e3o est\u00e3o em lista de dispensas da diretoria, mas j\u00e1 fizerm o s\u00e9timo jogo"},"274850":{"titulo":"S\u00e9rie B: Londrina acerta com volante e atacante do Palmeiras","link":"https:\/\/www.futebolinterior.com.br\/serie-b-londrina-acerta-com-volante-e-atacante-do-palmeiras\/","chapeu":"DOSE DUPLA","data":"20\/06\/2019","imagem":"https:\/\/images.futebolinterior.com.br\/2020\/11\/0002050396290_img-300x169.jpg","resumo":"Os dois atletas de 20 anos chegam por empr\u00e9stimo at\u00e9 o final da atual temporada"},"333844":{"titulo":"Com goleiros sob desconfian\u00e7a, Vit\u00f3ria est\u00e1 perto de anunciar uruguaio","link":"https:\/\/www.futebolinterior.com.br\/com-goleiros-sob-desconfianca-vitoria-esta-perto-de-anunciar-uruguaio\/","chapeu":"ARQUERO","data":"20\/06\/2019","imagem":"https:\/\/images.futebolinterior.com.br\/2021\/04\/0002050396288_img-300x199.jpg","resumo":"Clube espera Rodriguez, ex-Racing do Uruguai, para assinar contrato e anunci\u00e1-lo"}}