{"333295":{"titulo":"Com pressa, Guarani define 'data final' para contratar zagueiro do Fortaleza","link":"https:\/\/www.futebolinterior.com.br\/com-pressa-guarani-define-data-final-para-contratar-zagueiro-do-fortaleza\/","chapeu":"FALTA POUCO","data":"24\/06\/2019","imagem":"https:\/\/images.futebolinterior.com.br\/2021\/04\/0002050396898_img-300x242.jpg","resumo":"O Guarani quer oficializar a contrata\u00e7\u00e3o do zagueiro Patrick ainda nesta semana"},"333489":{"titulo":"Uso do spray no futebol causa a\u00e7\u00e3o na Justi\u00e7a contra a Fifa","link":"https:\/\/www.futebolinterior.com.br\/uso-do-spray-no-futebol-causa-acao-na-justica-contra-a-fifa\/","chapeu":"POL\u00caMICA","data":"23\/06\/2019","imagem":"https:\/\/images.futebolinterior.com.br\/2021\/04\/0002050396672_img-300x169.jpg","resumo":"Os criadores do spray para os \u00e1rbitros t\u00eam a patente, mas n\u00e3o receberam o reconhecimento da Fifa"},"274765":{"titulo":"Goleiro do Sport falta aos treinos, desaparece e pode encerrar a carreira","link":"https:\/\/www.futebolinterior.com.br\/goleiro-do-sport-falta-aos-treinos-desaparece-e-pode-encerrar-a-carreira\/","chapeu":"XI","data":"22\/06\/2019","imagem":"https:\/\/images.futebolinterior.com.br\/2020\/11\/0002050396557_img-300x225.jpg","resumo":"Magr\u00e3o \u00e9 considerado o maior \u00eddolo da hist\u00f3ria do Le\u00e3o"},"333612":{"titulo":"Jogador do Vasco emprestado \u00e0 Ponte Preta morre em acidente de moto","link":"https:\/\/www.futebolinterior.com.br\/jogador-do-vasco-emprestado-a-ponte-preta-morre-em-acidente-de-moto\/","chapeu":"TRISTE","data":"22\/06\/2019","imagem":"https:\/\/images.futebolinterior.com.br\/2021\/04\/0002050396499_img-300x206.jpg","resumo":"Outra pessoa morreu e duas ficaram feridas. As v\u00edtimas foram encaminhadas para o Hospital Estadual Alberto Torres."},"274790":{"titulo":"Crici\u00fama tenta marcar amistoso contra times da S\u00e9rie A, mas n\u00e3o encontra advers\u00e1rio","link":"https:\/\/www.futebolinterior.com.br\/criciuma-tenta-marcar-amistoso-contra-times-da-serie-a-mas-nao-encontra-adversario\/","chapeu":"NINGU\u00c9M QUER","data":"21\/06\/2019","imagem":"https:\/\/images.futebolinterior.com.br\/2020\/11\/0002050396456_img-300x221.jpg","resumo":"Como a equipe carvoeira volta a jogar antes da maioria dos outros clubes, as datas s\u00e3o um problema para marcar amistoso"},"333679":{"titulo":"Time portugu\u00eas est\u00e1 pr\u00f3ximo de contratar goleiro de clube paulista da S\u00e9rie B","link":"https:\/\/www.futebolinterior.com.br\/time-portugues-esta-proximo-de-contratar-goleiro-de-clube-paulista-da-serie-b\/","chapeu":"VAI PARA EUROPA","data":"21\/06\/2019","imagem":"https:\/\/images.futebolinterior.com.br\/2021\/04\/0002050396446_img-300x213.png","resumo":"Mateus Pasinato deve assinar com o Moreirense para substituir outro brasileiro"},"333712":{"titulo":"S\u00e9rie B: Elenco do Figueirense passa por bateria de exames em Palho\u00e7a","link":"https:\/\/www.futebolinterior.com.br\/serie-b-elenco-do-figueirense-passa-por-bateria-de-exames-em-palhoca\/","chapeu":"DE BOA","data":"21\/06\/2019","imagem":"https:\/\/images.futebolinterior.com.br\/2021\/04\/0002050396419_img-300x231.jpg","resumo":"Antes de voltar oficialmente para o gramado, todos os jogadores do Figueirense passaram por uma bateria de exames no CFT do Cambirela, em Palho\u00e7a"},"274804":{"titulo":"Clubes da S\u00e9rie A e B negociam transfer\u00eancias de atacante e volante encostados","link":"https:\/\/www.futebolinterior.com.br\/clubes-da-serie-a-e-b-negociam-transferencias-de-atacante-e-volante-encostados\/","chapeu":"VAI E VEM","data":"21\/06\/2019","imagem":"https:\/\/images.futebolinterior.com.br\/2020\/11\/0002050396408_img-300x225.jpg","resumo":"Rithely e Thalles podem ser envolvidos em negocia\u00e7\u00f5es entre times do Brasileir\u00e3o"},"274810":{"titulo":"S\u00e9rie B: Goleiro titular do Sport \u00e9 observado por clube japon\u00eas","link":"https:\/\/www.futebolinterior.com.br\/serie-b-goleiro-titular-do-sport-e-observado-por-clube-japones\/","chapeu":"T\u00c3O DE OLHO","data":"21\/06\/2019","imagem":"https:\/\/images.futebolinterior.com.br\/2020\/11\/0002050396391_img-300x164.jpg","resumo":"Representantes acompanharam o jogo do atleta contra o Vit\u00f3ria, mas n\u00e3o fizeram proposta oficial"},"333744":{"titulo":"S\u00e9rie B: Especulado na Ponte, atacante do Santos entra na mira do Am\u00e9rica-MG","link":"https:\/\/www.futebolinterior.com.br\/serie-b-especulado-na-ponte-atacante-do-santos-entra-na-mira-do-america-mg\/","chapeu":"DE OLHO","data":"21\/06\/2019","imagem":"https:\/\/images.futebolinterior.com.br\/2021\/04\/0002050396386_img-300x200.jpg","resumo":"Felippe Cardoso est\u00e1 fora dos planos do t\u00e9cnico Jorge Sampaoli e busca um novo clube"}}