{"333162":{"titulo":"S\u00e9rie B: Presidente da Ponte Preta revela propostas por goleiro e lateral","link":"https:\/\/www.futebolinterior.com.br\/serie-b-presidente-da-ponte-preta-revela-propostas-por-goleiro-e-lateral\/","chapeu":"A SALVA\u00c7\u00c3O?","data":"25\/06\/2019","imagem":"https:\/\/images.futebolinterior.com.br\/2021\/04\/0002050397097_img-300x200.jpg","resumo":"O objetivo da diretoria \u00e9 negociar Ivan e Abner, mas mant\u00ea-los no clube at\u00e9 o fim do Brasileiro"},"274693":{"titulo":"S\u00e9rie B: Figueirense se apresenta com novidade vinda do Tubar\u00e3o-SC","link":"https:\/\/www.futebolinterior.com.br\/serie-b-figueirense-se-apresenta-com-novidade-vinda-do-tubarao-sc\/","chapeu":"OPA!","data":"24\/06\/2019","imagem":"https:\/\/images.futebolinterior.com.br\/2020\/11\/0002050397025_img-300x183.jpg","resumo":"Ele deve disputar tamb\u00e9m algumas partidas pelo Brasileiro de Aspirantes"},"333206":{"titulo":"\u00cddolo do Sport, Magr\u00e3o continua sumido, desperta boatos e recebe prazo da diretoria","link":"https:\/\/www.futebolinterior.com.br\/idolo-do-sport-magrao-continua-sumido-desperta-boatos-e-recebe-prazo-da-diretoria\/","chapeu":"CAD\u00ca VOC\u00ca?","data":"24\/06\/2019","imagem":"https:\/\/images.futebolinterior.com.br\/2021\/04\/0002050397004_img-300x200.jpg","resumo":"Jogador n\u00e3o se reapresentou e especula-se que esteja planejando anunciar a aposentadoria"},"274707":{"titulo":"S\u00e9rie B: Atacante diz que bom in\u00edcio do Botafogo n\u00e3o \u00e9 surpresa","link":"https:\/\/www.futebolinterior.com.br\/serie-b-atacante-diz-que-bom-inicio-do-botafogo-nao-e-surpresa\/","chapeu":"HUMILDE?","data":"24\/06\/2019","imagem":"https:\/\/images.futebolinterior.com.br\/2020\/11\/0002050396977_img-300x201.jpg","resumo":"O clube escapou do rebaixamento no Paulist\u00e3o na \u00faltima rodada e \u00e9 o vice-l\u00edder do Brasileiro"},"333241":{"titulo":"S\u00e9rie B: Guarani faz proposta por ex-Ponte e contrata meia que estava na S\u00e9rie D","link":"https:\/\/www.futebolinterior.com.br\/serie-b-guarani-faz-proposta-por-ex-ponte-e-contrata-meia-que-estava-na-serie-d\/","chapeu":"CARAS NOVAS","data":"24\/06\/2019","imagem":"https:\/\/images.futebolinterior.com.br\/2021\/04\/0002050396946_img-300x200.jpg","resumo":"Filipe Cirne \u00e9 o novo refor\u00e7o do Bugre, que pode anunciar nos pr\u00f3ximos dias o meia Bady"},"274711":{"titulo":"S\u00e9rie B: Diretoria da Ponte d\u00e1 \"bal\u00e3o\" no elenco e segue sem pagar sal\u00e1rios atrasados","link":"https:\/\/www.futebolinterior.com.br\/serie-b-diretoria-da-ponte-da-balao-no-elenco-e-segue-sem-pagar-salarios-atrasados\/","chapeu":"QUE FASE!","data":"24\/06\/2019","imagem":"https:\/\/images.futebolinterior.com.br\/2020\/11\/0002050396936_img-300x200.jpg","resumo":"Em conversa com os jogadores nesta segunda-feira, o presidente Jos\u00e9 Armando Abdalla prometeu pagar os direitos de imagem nesta ter\u00e7a"},"274723":{"titulo":"Crici\u00fama busca \"dois ou tr\u00eas\" refor\u00e7os pontuais para sequ\u00eancia da S\u00e9rie B","link":"https:\/\/www.futebolinterior.com.br\/criciuma-busca-dois-ou-tres-reforcos-pontuais-para-sequencia-da-serie-b\/","chapeu":"QUEM VEM?","data":"24\/06\/2019","imagem":"https:\/\/images.futebolinterior.com.br\/2020\/11\/0002050396923_img-300x200.jpg","resumo":"O executivo de futebol Jo\u00e3o Carlos Maring\u00e1 disse que a diretoria vem trabalhando com calma para n\u00e3o errar"},"274727":{"titulo":"Atacante do Santos rejeita mais uma proposta da S\u00e9rie B","link":"https:\/\/www.futebolinterior.com.br\/atacante-do-santos-rejeita-mais-uma-proposta-da-serie-b\/","chapeu":"EXIGENTE","data":"24\/06\/2019","imagem":"https:\/\/images.futebolinterior.com.br\/2020\/11\/0002050396915_img-300x200.jpg","resumo":"Antes de dizer \"n\u00e3o\" ao Am\u00e9rica-MG, Felippe Cardoso havia recusado Ponte Preta e Vit\u00f3ria"},"274729":{"titulo":"Times da S\u00e9rie B disputam atacante que est\u00e1 encostado no Am\u00e9rica-MG","link":"https:\/\/www.futebolinterior.com.br\/times-da-serie-b-disputam-atacante-que-esta-encostado-no-america-mg\/","chapeu":"QUEM LEVA?","data":"24\/06\/2019","imagem":"https:\/\/images.futebolinterior.com.br\/2020\/11\/0002050396913_img-300x200.jpg","resumo":"CRB e Vila Nova estariam de olho na contrata\u00e7\u00e3o do experiente atacante J\u00fanior Vi\u00e7osa"},"274733":{"titulo":"T\u00e9cnico da Ponte Preta lamenta morte de Thalles: \"Tinha como um filho\"","link":"https:\/\/www.futebolinterior.com.br\/tecnico-da-ponte-preta-lamenta-morte-de-thalles-tinha-como-um-filho\/","chapeu":"TRISTEZA","data":"24\/06\/2019","imagem":"https:\/\/images.futebolinterior.com.br\/2020\/11\/0002050396902_img-300x200.jpg","resumo":"Jorginho trabalhou com o atacante no Vasco da Gama e na Ponte Preta"}}