{"333060":{"titulo":"Oeste e Santos se acertam e zagueiro inicia treinamentos pelo clube do interior","link":"https:\/\/www.futebolinterior.com.br\/oeste-e-santos-se-acertam-e-zagueiro-inicia-treinamentos-pelo-clube-do-interior\/","chapeu":"FIM DA NOVELA","data":"25\/06\/2019","imagem":"https:\/\/images.futebolinterior.com.br\/2021\/04\/0002050397180_img-300x300.jpg","resumo":"Cleber Reis fica at\u00e9 o final da temporada emprestado ao Rubr\u00e3o"},"333065":{"titulo":"S\u00e9rie C: Remo negocia retorno de meia ex-Corinthians, mas sal\u00e1rio \u00e9 impasse","link":"https:\/\/www.futebolinterior.com.br\/serie-c-remo-negocia-retorno-de-meia-ex-corinthians-mas-salario-e-impasse\/","chapeu":"VEM?","data":"25\/06\/2019","imagem":"https:\/\/images.futebolinterior.com.br\/2021\/04\/0002050397181_img-300x209.jpg","resumo":"Clube tenta chegar a um valor razo\u00e1vel para concretizar o acerto com Eduardo Ramos, hoje no Cuiab\u00e1"},"274667":{"titulo":"S\u00e9rie B: Sumido e sem receber h\u00e1 12 meses, \u00eddolo aciona Sport na Justi\u00e7a","link":"https:\/\/www.futebolinterior.com.br\/serie-b-sumido-e-sem-receber-ha-12-meses-idolo-aciona-sport-na-justica\/","chapeu":"QUEM DIRIA","data":"25\/06\/2019","imagem":"https:\/\/images.futebolinterior.com.br\/2020\/11\/0002050397179_img-300x230.jpg","resumo":"O clube diz que s\u00f3 vai se pronunciar quando for notificado, mas garante n\u00e3o ter pend\u00eancias com Magr\u00e3o"},"274673":{"titulo":"S\u00e9rie B: Ponte libera atacante, prepara dispensas e aguarda refor\u00e7os","link":"https:\/\/www.futebolinterior.com.br\/serie-b-ponte-libera-atacante-prepara-dispensas-e-aguarda-reforcos\/","chapeu":"REFORMULA\u00c7\u00c3O","data":"25\/06\/2019","imagem":"https:\/\/images.futebolinterior.com.br\/2020\/11\/0002050397174_img-300x199.jpg","resumo":"\u00cdtalo deixou a Macaca antes mesmo de estrear; Tiago Real, Giovanni e Facundo Batista devem ser os pr\u00f3ximos"},"274677":{"titulo":"Passagem pelo Milan e formado em Administra\u00e7\u00e3o. Saiba quem \u00e9 o novo refor\u00e7o do Guarani!","link":"https:\/\/www.futebolinterior.com.br\/passagem-pelo-milan-e-formado-em-administracao-saiba-quem-e-o-novo-reforco-do-guarani\/","chapeu":"CONHE\u00c7A ELE","data":"25\/06\/2019","imagem":"https:\/\/images.futebolinterior.com.br\/2020\/11\/0002050397159_img-300x193.jpg","resumo":"Filipe Cirne passou pela base do Internacional, mas sua carreira profissional foi toda no futebol candango"},"274679":{"titulo":"S\u00e9rie B: Elenco foca em jogo a jogo para tirar Vit\u00f3ria da degola","link":"https:\/\/www.futebolinterior.com.br\/serie-b-elenco-foca-em-jogo-a-jogo-para-tirar-vitoria-da-degola\/","chapeu":"\u00c9 DECIS\u00c3O","data":"25\/06\/2019","imagem":"https:\/\/images.futebolinterior.com.br\/2020\/11\/0002050397158_img-300x207.jpg","resumo":"O Le\u00e3o somou apenas quatro pontos nas oito primeiras rodadas e ocupa a lanterna"},"333087":{"titulo":"Fonseca muda goleiro, zaga e ataque do Guarani em teste de forma\u00e7\u00e3o titular","link":"https:\/\/www.futebolinterior.com.br\/fonseca-muda-goleiro-zaga-e-ataque-do-guarani-em-teste-de-formacao-titular\/","chapeu":"ALTERA\u00c7\u00d5ES","data":"25\/06\/2019","imagem":"https:\/\/images.futebolinterior.com.br\/2021\/04\/0002050397157_img-243x300.png","resumo":"Jogadores como Giovanni, L\u00e9o Pr\u00edncipe e Felipe Amorim perderam espa\u00e7o, enquanto refor\u00e7os fizeram treino"},"274683":{"titulo":"S\u00e9rie D: Atacante do S\u00e3o Raimundo-PA acertado com a Ponte deve jogar ida das oitavas","link":"https:\/\/www.futebolinterior.com.br\/serie-d-atacante-do-sao-raimundo-pa-acertado-com-a-ponte-deve-jogar-ida-das-oitavas\/","chapeu":"BOA NOT\u00cdCIA!","data":"25\/06\/2019","imagem":"https:\/\/images.futebolinterior.com.br\/2020\/11\/0002050397132_img-300x200.jpg","resumo":"Novo refor\u00e7o do clube de Mois\u00e9s Lucarelli, Mariano, de 22 anos, chegar\u00e1 a Campinas apenas na pr\u00f3xima ter\u00e7a-feira, dia 2 de julho"},"333136":{"titulo":"Em lista de dispensa, volante rescinde com o Guarani e acerta com europeu","link":"https:\/\/www.futebolinterior.com.br\/em-lista-de-dispensa-volante-rescinde-com-o-guarani-e-acerta-com-europeu\/","chapeu":"DE SA\u00cdDA","data":"25\/06\/2019","imagem":"https:\/\/images.futebolinterior.com.br\/2021\/04\/0002050397120_img-300x197.jpg","resumo":"Listado entre os nomes que n\u00e3o seriam aproveitados pelo Guarani, o volante Fabr\u00edcio Costa acertou a sua rescis\u00e3o nesta ter\u00e7a-feira"},"333138":{"titulo":"Eleito craque do Paulista A3, meia admite ansiedade em marcar gols pela Ponte Preta","link":"https:\/\/www.futebolinterior.com.br\/eleito-craque-do-paulista-a3-meia-admite-ansiedade-em-marcar-gols-pela-ponte-preta\/","chapeu":"EXCLUSIVA!","data":"25\/06\/2019","imagem":"https:\/\/images.futebolinterior.com.br\/2021\/04\/0002050397117_img-300x225.jpg","resumo":"Matheus Marcondele conversou com exclusividade com o Portal FI durante o evento de premia\u00e7\u00e3o do Sindicato dos Atletas de SP"}}