{"274626":{"titulo":"S\u00e9rie B: Jogador polivalente e Ponte Preta acertam rescis\u00e3o de contrato","link":"https:\/\/www.futebolinterior.com.br\/serie-b-jogador-polivalente-e-ponte-preta-acertam-rescisao-de-contrato\/","chapeu":"AT\u00c9 MAIS","data":"26\/06\/2019","imagem":"https:\/\/images.futebolinterior.com.br\/2020\/11\/0002050397306_img-300x169.png","resumo":"Nathan \u00e9 zagueiro de origem, mas atuou mais como volante nos 56 jogos com a camisa da Macaca"},"274632":{"titulo":"S\u00e9rie B: Vit\u00f3ria encaminha acerto com meia-atacante ex-Ponte, Flamengo e Fluminense","link":"https:\/\/www.futebolinterior.com.br\/serie-b-vitoria-encaminha-acerto-com-meia-atacante-ex-ponte-flamengo-e-fluminense\/","chapeu":"\u00c9 DO LE\u00c3O!","data":"26\/06\/2019","imagem":"https:\/\/images.futebolinterior.com.br\/2020\/11\/0002050397297_img-300x156.jpg","resumo":"Segundo a pr\u00f3pria assessoria de imprensa rubro-negra, Chiquinho j\u00e1 chegou ao Barrad\u00e3o para realizar exames m\u00e9dicos e assinar contrato"},"274637":{"titulo":"Guarani faz limpa no elenco, j\u00e1 liberou 12 desde o Paulista e planeja novas sa\u00eddas","link":"https:\/\/www.futebolinterior.com.br\/guarani-faz-limpa-no-elenco-ja-liberou-12-desde-o-paulista-e-planeja-novas-saidas\/","chapeu":"FAXINA","data":"26\/06\/2019","imagem":"https:\/\/images.futebolinterior.com.br\/2020\/11\/0002050397290_img-300x181.png","resumo":"Campanha ruim no estadual e in\u00edcio na zona de rebaixamento da S\u00e9rie B preocupam"},"333002":{"titulo":"Ponte deposita direito de imagem atrasado na ter\u00e7a, mas valores s\u00f3 caem nesta quarta","link":"https:\/\/www.futebolinterior.com.br\/ponte-deposita-direito-de-imagem-atrasado-na-terca-mas-valores-so-caem-nesta-quarta\/","chapeu":"NA CONTA","data":"26\/06\/2019","imagem":"https:\/\/images.futebolinterior.com.br\/2021\/04\/0002050397285_img-300x169.jpg","resumo":"Agora, corrida \u00e9 para pagar os sal\u00e1rios previstos em carteira at\u00e9 o final do m\u00eas"},"274647":{"titulo":"S\u00e9rie B: Elenco do CRB tra\u00e7a meta ousada para volta da pausa","link":"https:\/\/www.futebolinterior.com.br\/serie-b-elenco-do-crb-traca-meta-ousada-para-volta-da-pausa\/","chapeu":"QUAL SER\u00c1?","data":"25\/06\/2019","imagem":"https:\/\/images.futebolinterior.com.br\/2020\/11\/0002050397251_img-300x198.jpg","resumo":"Apesar de estar apenas na 11\u00aa coloca\u00e7\u00e3o, o time alagoano quer entrar no G4 o mais r\u00e1pido poss\u00edvel para n\u00e3o sair mais"},"333035":{"titulo":"Corinthians confirma amistoso contra o Londrina, em Maring\u00e1","link":"https:\/\/www.futebolinterior.com.br\/corinthians-confirma-amistoso-contra-o-londrina-em-maringa\/","chapeu":"MAIS UM","data":"25\/06\/2019","imagem":"https:\/\/images.futebolinterior.com.br\/2021\/04\/0002050397248_img-300x200.jpg","resumo":"Antes da partida do dia 7, o Tim\u00e3o vai encarar Botafogo-SP e Vila Nova"},"274653":{"titulo":"S\u00e9rie B: Goleiro n\u00e3o treina e encaminha sa\u00edda do Guarani para time da S\u00e9rie C","link":"https:\/\/www.futebolinterior.com.br\/serie-b-goleiro-nao-treina-e-encaminha-saida-do-guarani-para-time-da-serie-c\/","chapeu":"EITA!","data":"25\/06\/2019","imagem":"https:\/\/images.futebolinterior.com.br\/2020\/11\/0002050397241_img-300x211.jpg","resumo":"Giovanni foi titular nas oito primeiras rodadas, mas est\u00e1 fora dos planos do rec\u00e9m-chegando t\u00e9cnico Roberto Fonseca"},"274660":{"titulo":"S\u00e9rie B: Com cirurgia marcada, goleiro desfalca o Crici\u00fama por um m\u00eas","link":"https:\/\/www.futebolinterior.com.br\/serie-b-com-cirurgia-marcada-goleiro-desfalca-o-criciuma-por-um-mes\/","chapeu":"BAIXA","data":"25\/06\/2019","imagem":"https:\/\/images.futebolinterior.com.br\/2020\/11\/0002050397200_img-300x300.jpg","resumo":"Gianezini foi titular em seis partidas da S\u00e9rie B, mas perdeu a posi\u00e7\u00e3o quando Luiz se recuperou de les\u00e3o"},"274663":{"titulo":"S\u00e9rie B: Emprestado pelo Inter, meia \u00e9 oficializado pelo Figueirense","link":"https:\/\/www.futebolinterior.com.br\/serie-b-emprestado-pelo-inter-meia-e-oficializado-pelo-figueirense\/","chapeu":"FINALMENTE","data":"25\/06\/2019","imagem":"https:\/\/images.futebolinterior.com.br\/2020\/11\/0002050397199_img-300x200.jpg","resumo":"Andrigo vinha treinando no clube desde o in\u00edcio de junho, mas ainda n\u00e3o havia assinado contrato"},"274665":{"titulo":"S\u00e9rie B: Cuiab\u00e1 contrata lateral e atacante, mas dispensa zagueiro","link":"https:\/\/www.futebolinterior.com.br\/serie-b-cuiaba-contrata-lateral-e-atacante-mas-dispensa-zagueiro\/","chapeu":"ENTRA E SAI","data":"25\/06\/2019","imagem":"https:\/\/images.futebolinterior.com.br\/2020\/11\/0002050397197_img-300x207.jpg","resumo":"L\u00e9o e Gilmar s\u00e3o os novos refor\u00e7os, enquanto Edson Borges teve seu contrato rescindido"}}