{"332900":{"titulo":"Vit\u00f3ria contra o Brasil-RS garante \"\u00e2nimo\" ao Crici\u00fama durante intertemporada","link":"https:\/\/www.futebolinterior.com.br\/vitoria-contra-o-brasil-rs-garante-animo-ao-criciuma-durante-intertemporada\/","chapeu":"DE BOA","data":"26\/06\/2019","imagem":"https:\/\/images.futebolinterior.com.br\/2021\/04\/0002050397387_img-300x270.jpg","resumo":"O Crici\u00fama teve altos e baixos na primeira parte do Campeonato Brasileiro da S\u00e9rie B"},"274609":{"titulo":"S\u00e9rie B: Ex-Ponte e Guarani \u00e9 oficializado como refor\u00e7o do Oeste","link":"https:\/\/www.futebolinterior.com.br\/serie-b-ex-ponte-e-guarani-e-oficializado-como-reforco-do-oeste\/","chapeu":"FECHADO","data":"26\/06\/2019","imagem":"https:\/\/images.futebolinterior.com.br\/2020\/11\/0002050397371_img-213x300.jpg","resumo":"Matheus Oliveira estava na Ponte Preta e j\u00e1 iniciou os trabalhos com os novos companheiros"},"274611":{"titulo":"Emprestado pelo Internacional, meia inicia treinos no Ava\u00ed","link":"https:\/\/www.futebolinterior.com.br\/emprestado-pelo-internacional-meia-inicia-treinos-no-avai\/","chapeu":"CHEGUEI","data":"26\/06\/2019","imagem":"https:\/\/images.futebolinterior.com.br\/2020\/11\/0002050397365_img-300x141.jpg","resumo":"A tend\u00eancia \u00e9 que Gustavo Ferrareis seja apresentado apenas na semana que vem"},"332908":{"titulo":"Ap\u00f3s deixar a Ponte, \"coringa\" se aproxima de rival da S\u00e9rie B","link":"https:\/\/www.futebolinterior.com.br\/apos-deixar-a-ponte-coringa-se-aproxima-de-rival-da-serie-b\/","chapeu":"DE MALA PRONTA","data":"26\/06\/2019","imagem":"https:\/\/images.futebolinterior.com.br\/2021\/04\/0002050397369_img-300x169.jpg","resumo":"Nathan rescindiu com a Macaca nesta quarta-feira e tem conversas adiantadas com o Atl\u00e9tico-GO"},"332915":{"titulo":"Na \u00c1ustria, Bragantino soma duas vit\u00f3rias e visita hangar da Red Bull","link":"https:\/\/www.futebolinterior.com.br\/na-austria-bragantino-soma-duas-vitorias-e-visita-hangar-da-red-bull\/","chapeu":"VIAGEM","data":"26\/06\/2019","imagem":"https:\/\/images.futebolinterior.com.br\/2021\/04\/0002050397361_img-300x217.jpg","resumo":"Time ainda tem mais dois jogos-treinos marcados at\u00e9 o retorno ao Brasil"},"274613":{"titulo":"S\u00e9rie B: Apresentado, meia chega ao Figueirense falando em acesso","link":"https:\/\/www.futebolinterior.com.br\/serie-b-apresentado-meia-chega-ao-figueirense-falando-em-acesso\/","chapeu":"OTIMISTA","data":"26\/06\/2019","imagem":"https:\/\/images.futebolinterior.com.br\/2020\/11\/0002050397360_img-300x200.jpg","resumo":"Emprestado pelo Internacional at\u00e9 o fim do ano, Andrigo garante estar bem fisicamente"},"274615":{"titulo":"S\u00e9rie B: Elenco do Londrina passa por reformula\u00e7\u00e3o durante pausa para Copa Am\u00e9rica","link":"https:\/\/www.futebolinterior.com.br\/serie-b-elenco-do-londrina-passa-por-reformulacao-durante-pausa-para-copa-america\/","chapeu":"ENTRA E SAI","data":"26\/06\/2019","imagem":"https:\/\/images.futebolinterior.com.br\/2020\/11\/0002050397358_img-300x198.jpg","resumo":"Cinco jogadores foram contratados pela diretoria, enquanto outros quatro deixaram o clube"},"274617":{"titulo":"Sem espa\u00e7o no Vasco da Gama, goleiro \u00e9 emprestado para time da S\u00e9rie B","link":"https:\/\/www.futebolinterior.com.br\/sem-espaco-no-vasco-da-gama-goleiro-e-emprestado-para-time-da-serie-b\/","chapeu":"CASA NOVA","data":"26\/06\/2019","imagem":"https:\/\/images.futebolinterior.com.br\/2020\/11\/0002050397343_img-300x200.jpg","resumo":"Gabriel F\u00e9lix esteve em S\u00e3o Janu\u00e1rio na \u00faltima ter\u00e7a-feira se despedindo dos seus ex-companheiros"},"274619":{"titulo":"S\u00e9rie B: Diretoria do Sport admite surpresa com a\u00e7\u00e3o de Magr\u00e3o na Justi\u00e7a","link":"https:\/\/www.futebolinterior.com.br\/serie-b-diretoria-do-sport-admite-surpresa-com-acao-de-magrao-na-justica\/","chapeu":"CLIMA PESADO","data":"26\/06\/2019","imagem":"https:\/\/images.futebolinterior.com.br\/2020\/11\/0002050397335_img-300x200.jpg","resumo":"Os dirigentes concederam uma entrevista coletiva nesta quarta-feira para falar sobre a situa\u00e7\u00e3o do \u00eddolo"},"274621":{"titulo":"Pastana confirma perman\u00eancia de t\u00e9cnico do Coritiba e revela rescis\u00e3o de Alan Costa","link":"https:\/\/www.futebolinterior.com.br\/pastana-confirma-permanencia-de-tecnico-do-coritiba-e-revela-rescisao-de-alan-costa\/","chapeu":"FICA E SAI","data":"26\/06\/2019","imagem":"https:\/\/images.futebolinterior.com.br\/2020\/11\/0002050397317_img-300x225.jpg","resumo":"Diretor de futebol ainda despista sobre refor\u00e7os, mas confirma observa\u00e7\u00e3o por novas transfer\u00eancias"}}