{"332492":{"titulo":"Athletico-PR n\u00e3o perde tempo e faz proposta por lateral da Ponte Preta","link":"https:\/\/www.futebolinterior.com.br\/athletico-pr-nao-perde-tempo-e-faz-proposta-por-lateral-da-ponte-preta\/","chapeu":"VAI LEVAR?","data":"29\/06\/2019","imagem":"https:\/\/images.futebolinterior.com.br\/2021\/04\/0002050397968_img-300x199.jpg","resumo":"O Furac\u00e3o teria oferecido cerca de R$ 6,5 milh\u00f5es para contar com o futebol de Abner"},"332525":{"titulo":"Volante ex-Ponte e Guarani treina no Vit\u00f3ria antes de ser anunciado como refor\u00e7o","link":"https:\/\/www.futebolinterior.com.br\/volante-ex-ponte-e-guarani-treina-no-vitoria-antes-de-ser-anunciado-como-reforco\/","chapeu":"CHEGUEI","data":"29\/06\/2019","imagem":"https:\/\/images.futebolinterior.com.br\/2021\/04\/0002050397915_img-300x203.jpg","resumo":"Volante de 32 anos deve ser anunciado em breve como novo refor\u00e7o do Vit\u00f3ria"},"274434":{"titulo":"S\u00e9rie B: Brasil de Pelotas abre negocia\u00e7\u00e3o com volante de time da S\u00e9rie D","link":"https:\/\/www.futebolinterior.com.br\/serie-b-brasil-de-pelotas-abre-negociacao-com-volante-de-time-da-serie-d\/","chapeu":"APOSTA","data":"29\/06\/2019","imagem":"https:\/\/images.futebolinterior.com.br\/2020\/11\/0002050397897_img-300x200.jpg","resumo":"Eduardo Person defendeu o Joinville e interessa a diretoria rubronegra para sequ\u00eancia da temporada"},"332532":{"titulo":"S\u00e9rie C: Time da S\u00e9rie B d\u00e1 \"ok\" e Remo se aproxima de ex-meia do Corinthians","link":"https:\/\/www.futebolinterior.com.br\/serie-c-time-da-serie-b-da-ok-e-remo-se-aproxima-de-ex-meia-do-corinthians\/","chapeu":"A\u00cd SIM","data":"29\/06\/2019","imagem":"https:\/\/images.futebolinterior.com.br\/2021\/04\/0002050397893_img-300x200.jpg","resumo":"O Cuiab\u00e1 aceitou parcelar o valor da multa rescis\u00f3ria, de R$ 50 mil, em duas vezes"},"332536":{"titulo":"Time do Brasileir\u00e3o desiste de contratar zagueiro da Ponte Preta","link":"https:\/\/www.futebolinterior.com.br\/time-do-brasileirao-desiste-de-contratar-zagueiro-da-ponte-preta\/","chapeu":"BOA NOT\u00cdCIA","data":"29\/06\/2019","imagem":"https:\/\/images.futebolinterior.com.br\/2021\/04\/0002050397886_img-300x199.jpg","resumo":"A Chapecoense chegou a sondar Reginaldo, mas concentrou suas aten\u00e7\u00f5es em Maur\u00edcio Ramos"},"332548":{"titulo":"Confira imagens do projeto da nova Arena da Ponte Preta!","link":"https:\/\/www.futebolinterior.com.br\/confira-imagens-do-projeto-da-nova-arena-da-ponte-preta\/","chapeu":"FICOU SHOW","data":"29\/06\/2019","imagem":"https:\/\/images.futebolinterior.com.br\/2021\/04\/0002050397875_img-300x166.png","resumo":"A equipe de Campinas prepara uma arena moderna para mandar suas partidas. Veja as imagens aqui"},"332585":{"titulo":"Sob olhares do ex-atacante Fran\u00e7a, S\u00e3o Paulo bate time da S\u00e9rie B em jogo-treino","link":"https:\/\/www.futebolinterior.com.br\/sob-olhares-do-ex-atacante-franca-sao-paulo-bate-time-da-serie-b-em-jogo-treino\/","chapeu":"ILUSTRE","data":"28\/06\/2019","imagem":"https:\/\/images.futebolinterior.com.br\/2021\/04\/0002050397819_img-300x194.jpg","resumo":"Quinto maior artilheiro da hist\u00f3ria do clube, com 182 gols, Fran\u00e7a est\u00e1 morando no Jap\u00e3o"},"274457":{"titulo":"Negocia\u00e7\u00e3o de lateral do Athletico-PR pode beneficiar a Ponte. Entenda!","link":"https:\/\/www.futebolinterior.com.br\/negociacao-de-lateral-do-athletico-pr-pode-beneficiar-a-ponte-entenda\/","chapeu":"SER\u00c1?","data":"28\/06\/2019","imagem":"https:\/\/images.futebolinterior.com.br\/2020\/11\/0002050397808_img-300x170.jpg","resumo":"Ap\u00f3s a venda de Renan Lodi, a diretoria rubronegra deve ir atr\u00e1s da contrata\u00e7\u00e3o de Abner"},"274463":{"titulo":"S\u00e9rie B: Apesar do in\u00edcio ruim, elenco diz que foco do Crici\u00fama \u00e9 o acesso","link":"https:\/\/www.futebolinterior.com.br\/serie-b-apesar-do-inicio-ruim-elenco-diz-que-foco-do-criciuma-e-o-acesso\/","chapeu":"OUSADO","data":"28\/06\/2019","imagem":"https:\/\/images.futebolinterior.com.br\/2020\/11\/0002050397759_img-300x199.jpg","resumo":"O Tigre est\u00e1 na 14\u00aa coloca\u00e7\u00e3o, com nove pontos, dois a mais que o Oper\u00e1rio, que abre a zona de rebaixamento"},"274466":{"titulo":"S\u00e9rie B: Guarani apresenta refor\u00e7os para deixar Z-4 e 'depois pensar em voos maiores'","link":"https:\/\/www.futebolinterior.com.br\/serie-b-guarani-apresenta-reforcos-para-deixar-z-4-e-depois-pensar-em-voos-maiores\/","chapeu":"CHEGARAM","data":"28\/06\/2019","imagem":"https:\/\/images.futebolinterior.com.br\/2020\/11\/0002050397745_img-300x225.jpg","resumo":"Bruno Silva, Filipe Cirne, Michel Douglas e Vitor Feij\u00e3o chegam ao Brinco como esperan\u00e7as para tirar time da parte de baixo"}}