{"332280":{"titulo":"Sem torcida, Vasco far\u00e1 amistoso com o Atl\u00e9tico-GO na quinta em S\u00e3o Janu\u00e1rio","link":"https:\/\/www.futebolinterior.com.br\/sem-torcida-vasco-fara-amistoso-com-o-atletico-go-na-quinta-em-sao-januario\/","chapeu":"VAZIO","data":"01\/07\/2019","imagem":"https:\/\/images.futebolinterior.com.br\/2021\/04\/0002050398289_img-300x180.jpg","resumo":"Nesta parada da Copa Am\u00e9rica time de Luxemburgo j\u00e1 venceu o Madureira e o Rio Branco-ES"},"274384":{"titulo":"Com sal\u00e1rio depositado, Ponte Preta treina sem lateral e marca jogo-treino","link":"https:\/\/www.futebolinterior.com.br\/com-salario-depositado-ponte-preta-treina-sem-lateral-e-marca-jogo-treino\/","chapeu":"QUASE TUDO PAGO","data":"01\/07\/2019","imagem":"https:\/\/images.futebolinterior.com.br\/2020\/11\/0002050398288_img-300x169.jpg","resumo":"Giovanni foi liberado para resolver problemas pessoais, mas ao mesmo tempo procura clube para jogar no segundo semestre"},"332292":{"titulo":"S\u00e9rie C: Santa Cruz anuncia retorno de meia que estava no Cuiab\u00e1","link":"https:\/\/www.futebolinterior.com.br\/serie-c-santa-cruz-anuncia-retorno-de-meia-que-estava-no-cuiaba\/","chapeu":"\u00c9 DO TRICOLOR!!","data":"01\/07\/2019","imagem":"https:\/\/images.futebolinterior.com.br\/2021\/04\/0002050398273_img-300x300.jpg","resumo":"Jailson chegou ao Dourado no in\u00edcio da atual temporada e fez dois gols em 11 partidas, al\u00e9m de ter conquistado o Mato-grossense"},"332319":{"titulo":"S\u00e9rie B: Zagueiro encostado em time do Brasileir\u00e3o acerta com o Guarani","link":"https:\/\/www.futebolinterior.com.br\/serie-b-zagueiro-encostado-em-time-do-brasileirao-acerta-com-o-guarani\/","chapeu":"REFOR\u00c7O","data":"30\/06\/2019","imagem":"https:\/\/images.futebolinterior.com.br\/2021\/04\/0002050398240_img-300x193.jpg","resumo":"Luiz Gustavo \u00e9 aguardado nesta segunda-feira em Campinas para assinar contrato at\u00e9 novembro"},"332326":{"titulo":"Confira TODOS os resultados deste DOMINGO de muito futebol!","link":"https:\/\/www.futebolinterior.com.br\/confira-todos-os-resultados-deste-domingo-de-muito-futebol-3\/","chapeu":"PLACAR FI","data":"30\/06\/2019","imagem":"https:\/\/images.futebolinterior.com.br\/2021\/04\/0002050398219_img-300x200.jpg","resumo":"Placar FI acompanhou partidas da S\u00e9rie C, S\u00e9rie D, Copa Paulista, Paulista 2\u00aa Divis\u00e3o e at\u00e9 das categorias de base"},"274411":{"titulo":"S\u00e9rie B: Atacante \u00e9 mais um a trocar o Londrina pelo futebol portugu\u00eas","link":"https:\/\/www.futebolinterior.com.br\/serie-b-atacante-e-mais-um-a-trocar-o-londrina-pelo-futebol-portugues\/","chapeu":"QUE COISA!","data":"30\/06\/2019","imagem":"https:\/\/images.futebolinterior.com.br\/2020\/11\/0002050398161_img-300x200.jpg","resumo":"Titular em sete dos oito jogos realizados pelo Tubar\u00e3o, Marcelinho viajou para assinar com o Mar\u00edtimo"},"332368":{"titulo":"S\u00e9rie B: Ap\u00f3s quatro jogos e nenhum gol, \"Cavani do Majestoso\" deixa a Ponte Preta","link":"https:\/\/www.futebolinterior.com.br\/serie-b-apos-quatro-jogos-e-nenhum-gol-cavani-do-majestoso-deixa-a-ponte-preta\/","chapeu":"J\u00c1 FOI","data":"30\/06\/2019","imagem":"https:\/\/images.futebolinterior.com.br\/2021\/04\/0002050398133_img-300x199.jpg","resumo":"Facundo Batista ficou chateado depois de perder o lugar entre os titulares com a chegada de Roger"},"332383":{"titulo":"Sampaoli faz testes e Santos vence time da S\u00e9rie B em jogo-treino","link":"https:\/\/www.futebolinterior.com.br\/sampaoli-faz-testes-e-santos-vence-time-da-serie-b-em-jogo-treino\/","chapeu":"A\u00cd SIM","data":"30\/06\/2019","imagem":"https:\/\/images.futebolinterior.com.br\/2021\/04\/0002050398124_img-300x208.jpg","resumo":"Na Vila Belmiro e sem alguns jogadores titulares, o Peixe bateu o S\u00e3o Bento, por 3 a 1"},"332467":{"titulo":"Com presen\u00e7a de atacante, Palmeiras vence time da S\u00e9rie B em jogo-treino","link":"https:\/\/www.futebolinterior.com.br\/com-presenca-de-atacante-palmeiras-vence-time-da-serie-b-em-jogo-treino\/","chapeu":"PRO GASTO","data":"29\/06\/2019","imagem":"https:\/\/images.futebolinterior.com.br\/2021\/04\/0002050398019_img-300x168.jpg","resumo":"Deyverson e Arthur Cabral marcaram os gols do Verd\u00e3o diante do Oeste"},"332484":{"titulo":"S\u00e9rie B: Na Europa, Bragantino confirma renova\u00e7\u00e3o com Ligger e J\u00falio C\u00e9sar","link":"https:\/\/www.futebolinterior.com.br\/serie-b-na-europa-bragantino-confirma-renovacao-com-ligger-e-julio-cesar\/","chapeu":"ELES FICAM!","data":"29\/06\/2019","imagem":"https:\/\/images.futebolinterior.com.br\/2021\/04\/0002050397980_img-300x204.jpg","resumo":"Dupla est\u00e1 se destacando neste in\u00edcio de campanha de S\u00e9rie B"}}