{"274364":{"titulo":"S\u00e9rie B: Vit\u00f3ria negocia com revela\u00e7\u00e3o do futebol equatoriano","link":"https:\/\/www.futebolinterior.com.br\/serie-b-vitoria-negocia-com-revelacao-do-futebol-equatoriano\/","chapeu":"VAI FECHAR?","data":"01\/07\/2019","imagem":"https:\/\/images.futebolinterior.com.br\/2020\/11\/0002050398331_img-300x148.jpg","resumo":"Imprensa equatoriana d\u00e1 a chegada de Jordy Caicedo ao Le\u00e3o como praticamente certa"},"274366":{"titulo":"S\u00e9rie B: Oper\u00e1rio acerta com ex-S\u00e3o Paulo e atacante que estava na S\u00e9rie D","link":"https:\/\/www.futebolinterior.com.br\/serie-b-operario-acerta-com-ex-sao-paulo-e-atacante-que-estava-na-serie-d\/","chapeu":"REFOR\u00c7OS","data":"01\/07\/2019","imagem":"https:\/\/images.futebolinterior.com.br\/2020\/11\/0002050398319_img-300x169.jpg","resumo":"Lucas Ga\u00facho estava no Jorge Wilstermann, enquanto Cl\u00e9o Silva vinha defendendo o Novorizontino"},"332252":{"titulo":"S\u00e9rie B: Ap\u00f3s Magr\u00e3o, zagueiro multicampe\u00e3o tamb\u00e9m deixa Sport","link":"https:\/\/www.futebolinterior.com.br\/serie-b-apos-magrao-zagueiro-multicampeao-tambem-deixa-sport\/","chapeu":"ADEUS, \u00cdDOLO","data":"01\/07\/2019","imagem":"https:\/\/images.futebolinterior.com.br\/2021\/04\/0002050398625_img-300x213.png","resumo":"Durval passava por problemas f\u00edsicos e n\u00e3o teve contrato renovado com o clube permanumbucano para a temporada"},"274368":{"titulo":"S\u00e9rie B: Paran\u00e1 deixa refor\u00e7os de lado e prioriza busca por novo dirigente","link":"https:\/\/www.futebolinterior.com.br\/serie-b-parana-deixa-reforcos-de-lado-e-prioriza-busca-por-novo-dirigente\/","chapeu":"PRIORIDADE","data":"01\/07\/2019","imagem":"https:\/\/images.futebolinterior.com.br\/2020\/11\/0002050398312_img-300x204.jpg","resumo":"O cargo de diretor de futebol est\u00e1 vago desde o dia 1\u00ba de junho, quando Andr\u00e9 Mazzuco acertou com o Vasco"},"274370":{"titulo":"Figueirense \"esquece\" S\u00e9rie B e trabalha pensando na Recopa Catarinense","link":"https:\/\/www.futebolinterior.com.br\/figueirense-esquece-serie-b-e-trabalha-pensando-na-recopa-catarinense\/","chapeu":"FOCO","data":"01\/07\/2019","imagem":"https:\/\/images.futebolinterior.com.br\/2020\/11\/0002050398305_img-300x200.jpg","resumo":"Na quinta-feira, o time alvinegro recebe o Brusque, \u00e0s 19 horas, no Orlando Scarpelli"},"274372":{"titulo":"S\u00e9rie B: Ap\u00f3s nova vit\u00f3ria na \u00c1ustria, lateral do Bragantino exalta advers\u00e1rios","link":"https:\/\/www.futebolinterior.com.br\/serie-b-apos-nova-vitoria-na-austria-lateral-do-bragantino-exalta-adversarios\/","chapeu":"N\u00cdVEL ELEVADO","data":"01\/07\/2019","imagem":"https:\/\/images.futebolinterior.com.br\/2020\/11\/0002050398304_img-282x300.png","resumo":"\"V\u00e3o disputar a Champions, a Europa League\", afirma Edimar sobre n\u00edvel dos rivais na passagem pela Europa"},"274374":{"titulo":"S\u00e9rie B: Vila Nova acerta com zagueiro pretendido pelo Guarani","link":"https:\/\/www.futebolinterior.com.br\/serie-b-vila-nova-acerta-com-zagueiro-pretendido-pelo-guarani\/","chapeu":"FECHADO","data":"01\/07\/2019","imagem":"https:\/\/images.futebolinterior.com.br\/2020\/11\/0002050398300_img-300x169.jpg","resumo":"Patrick estava emprestado ao Fortaleza, mas n\u00e3o vinha sendo aproveitado por Rog\u00e9rio Ceni"},"274376":{"titulo":"S\u00e9rie B: Zagueiro v\u00ea briga boa na zaga e coloca Coritiba na disputa pelo acesso","link":"https:\/\/www.futebolinterior.com.br\/serie-b-zagueiro-ve-briga-boa-na-zaga-e-coloca-coritiba-na-disputa-pelo-acesso\/","chapeu":"LUTA SADIA","data":"01\/07\/2019","imagem":"https:\/\/images.futebolinterior.com.br\/2020\/11\/0002050398297_img-300x225.jpg","resumo":"Depois da sa\u00edda de Alan Costa, Umberto Louzer promove luta por titularidade na defesa do Coxa"},"274378":{"titulo":"S\u00e9rie B: T\u00e9cnico do Sport n\u00e3o v\u00ea necessidade de novos refor\u00e7os neste momento","link":"https:\/\/www.futebolinterior.com.br\/serie-b-tecnico-do-sport-nao-ve-necessidade-de-novos-reforcos-neste-momento\/","chapeu":"T\u00c1 BOM","data":"01\/07\/2019","imagem":"https:\/\/images.futebolinterior.com.br\/2020\/11\/0002050398296_img-300x167.jpg","resumo":"Guto Ferreira est\u00e1 satisfeito com as op\u00e7\u00f5es que tem \u00e0 disposi\u00e7\u00e3o para a sequ\u00eancia do campeonato"},"274382":{"titulo":"S\u00e9rie B: Brasil de Pelotas contrata volante que estava no Joinville","link":"https:\/\/www.futebolinterior.com.br\/serie-b-brasil-de-pelotas-contrata-volante-que-estava-no-joinville\/","chapeu":"REFOR\u00c7O","data":"01\/07\/2019","imagem":"https:\/\/images.futebolinterior.com.br\/2020\/11\/0002050398291_img-300x200.jpg","resumo":"O novo refor\u00e7o disputou apenas tr\u00eas jogos nesta temporada por conta de uma les\u00e3o no joelho sofrida no ano passado"}}