{"274330":{"titulo":"S\u00e9rie B: Com gol de ex-N\u00e1utico, Bragantino vence mais um jogo-treino","link":"https:\/\/www.futebolinterior.com.br\/serie-b-com-gol-de-ex-nautico-bragantino-vence-mais-um-jogo-treino\/","chapeu":"A\u00cd SIM","data":"02\/07\/2019","imagem":"https:\/\/images.futebolinterior.com.br\/2020\/11\/0002050398570_img-300x225.jpg","resumo":"O Massa Bruta vai realizar a \u00faltima atividade nesta quarta-feira antes de retornar ao Brasil"},"274332":{"titulo":"Ansioso por voltar a campo, Crici\u00fama se concentra em amistoso contra o Gr\u00eamio","link":"https:\/\/www.futebolinterior.com.br\/ansioso-por-voltar-a-campo-criciuma-se-concentra-em-amistoso-contra-o-gremio\/","chapeu":"NOVO TESTE","data":"02\/07\/2019","imagem":"https:\/\/images.futebolinterior.com.br\/2020\/11\/0002050398568_img-300x200.jpg","resumo":"A equipe catarinense encara o Triciolor Ga\u00facho, no CT do advers\u00e1rio, na pr\u00f3xima sexta-feira"},"332075":{"titulo":"S\u00e9rie B: Gerente de futebol da Ponte revela proposta por Abner e \"fico\" de Tiago Real","link":"https:\/\/www.futebolinterior.com.br\/serie-b-gerente-de-futebol-da-ponte-revela-proposta-por-abner-e-fico-de-tiago-real\/","chapeu":"VAI E VEM","data":"02\/07\/2019","imagem":"https:\/\/images.futebolinterior.com.br\/2021\/04\/0002050398542_img-300x169.jpg","resumo":"Gustavo Bueno fala sobre al\u00edvio financeiro ap\u00f3s nove sa\u00eddas, mant\u00e9m Macaca no mercado, mas despista sobre nomes"},"274340":{"titulo":"T\u00e9cnico diz que Botafogo tem \"os quatro melhores zagueiros\" da S\u00e9rie B","link":"https:\/\/www.futebolinterior.com.br\/tecnico-diz-que-botafogo-tem-os-quatro-melhores-zagueiros-da-serie-b\/","chapeu":"EMPOLGOU?","data":"02\/07\/2019","imagem":"https:\/\/images.futebolinterior.com.br\/2020\/11\/0002050398549_img-300x200.jpg","resumo":"Roberto Cavalo tem Leandro Amaro, Luiz Ot\u00e1vio, Naylhor, Pl\u00ednio e Didi \u00e0 disposi\u00e7\u00e3o para o setor"},"332083":{"titulo":"S\u00e9rie B: Coritiba ganha refor\u00e7o de velho conhecido para a zaga","link":"https:\/\/www.futebolinterior.com.br\/serie-b-coritiba-ganha-reforco-de-velho-conhecido-para-a-zaga\/","chapeu":"OLHA ELE A\u00cd","data":"02\/07\/2019","imagem":"https:\/\/images.futebolinterior.com.br\/2021\/04\/0002050398539_img-300x200.jpg","resumo":"Fora dos planos de Roberto Fonseca, Thallison Kelven deve ser devolvido pelo Guarani"},"332089":{"titulo":"Emprestado pelo Corinthians, lateral deve trocar Guarani por rival da S\u00e9rie B","link":"https:\/\/www.futebolinterior.com.br\/emprestado-pelo-corinthians-lateral-deve-trocar-guarani-por-rival-da-serie-b\/","chapeu":"DE SA\u00cdDA","data":"02\/07\/2019","imagem":"https:\/\/images.futebolinterior.com.br\/2021\/04\/0002050398534_img-300x202.jpg","resumo":"L\u00e9o Pr\u00edncipe n\u00e3o est\u00e1 nos planos do t\u00e9cnico Roberto Fonseca e est\u00e1 pr\u00f3ximo do Paran\u00e1"},"274347":{"titulo":"S\u00e9rie B: Paran\u00e1 negocia com atacante revelado pelo Vasco","link":"https:\/\/www.futebolinterior.com.br\/serie-b-parana-negocia-com-atacante-revelado-pelo-vasco\/","chapeu":"T\u00c1 CHEGANDO...","data":"02\/07\/2019","imagem":"https:\/\/images.futebolinterior.com.br\/2020\/11\/0002050398422_img-300x169.jpg","resumo":"Caio Monteiro de 22 anos est\u00e1 pr\u00f3ximo de vestir a camisa do time paranaense"},"332149":{"titulo":"S\u00e9rie B: Figueirense devolve ex-S\u00e3o Paulo ao Cear\u00e1 ap\u00f3s contus\u00e3o","link":"https:\/\/www.futebolinterior.com.br\/serie-b-figueirense-devolve-ex-sao-paulo-ao-ceara-apos-contusao\/","chapeu":"EITA","data":"02\/07\/2019","imagem":"https:\/\/images.futebolinterior.com.br\/2021\/04\/0002050398418_img-277x300.png","resumo":"Jo\u00e3o Paulo se contundiu durante treinamento e, como o contrato ainda n\u00e3o havia sido assinado, foi devolvido ao Voz\u00e3o"},"274358":{"titulo":"S\u00e9rie B: Ex-Ponte Preta sobre CRB na elite: \"S\u00f3 isso nos interessa\"","link":"https:\/\/www.futebolinterior.com.br\/serie-b-ex-ponte-preta-sobre-crb-na-elite-so-isso-nos-interessa\/","chapeu":"FOCADOS","data":"01\/07\/2019","imagem":"https:\/\/images.futebolinterior.com.br\/2020\/11\/0002050398370_img-300x231.jpg","resumo":"As duas derrotas antes da pausa para a Copa Am\u00e9rica fizeram o Galo da Paju\u00e7ara se distanciar do G4"},"332217":{"titulo":"S\u00e9rie B: Ex-atacante do Guarani deve se tornar mais uma op\u00e7\u00e3o no Crici\u00fama","link":"https:\/\/www.futebolinterior.com.br\/serie-b-ex-atacante-do-guarani-deve-se-tornar-mais-uma-opcao-no-criciuma\/","chapeu":"A\u00cd SIM","data":"01\/07\/2019","imagem":"https:\/\/images.futebolinterior.com.br\/2021\/04\/0002050398362_img-300x200.jpg","resumo":"Pedro Bortoluzo sofreu uma les\u00e3o no ligamento do tornozelo direito e n\u00e3o joga desde o dia 21 de mar\u00e7o"}}