{"274080":{"titulo":"S\u00e9rie B: Crici\u00fama perde jogo-treino para Gr\u00eamio, mas Kleina v\u00ea pontos positivos","link":"https:\/\/www.futebolinterior.com.br\/serie-b-criciuma-perde-jogo-treino-para-gremio-mas-kleina-ve-pontos-positivos\/","chapeu":"BOM TESTE","data":"05\/07\/2019","imagem":"https:\/\/images.futebolinterior.com.br\/2020\/11\/0002050399323_img-300x189.jpg","resumo":"O Tigre come\u00e7ou jogando com Luiz; Marcos Vinicius, Platero, Derlan e Marlon; Liel, Eduardo, Wesley e Ca\u00edque; Reis e L\u00e9o Gamalho"},"331549":{"titulo":"Com atacante de volta, S\u00e3o Paulo vence jogo-treino contra time da S\u00e9rie B","link":"https:\/\/www.futebolinterior.com.br\/com-atacante-de-volta-sao-paulo-vence-jogo-treino-contra-time-da-serie-b\/","chapeu":"A\u00cd SIM","data":"05\/07\/2019","imagem":"https:\/\/images.futebolinterior.com.br\/2021\/04\/0002050399318_img-300x187.jpg","resumo":"Alexandre Pato, Tch\u00ea Tch\u00ea e Vitor Bueno marcaram para o Tricolor, enquanto Gilmar descontou"},"274084":{"titulo":"Lateral deixa a Ponte Preta e acerta com time do Brasileir\u00e3o","link":"https:\/\/www.futebolinterior.com.br\/lateral-deixa-a-ponte-preta-e-acerta-com-time-do-brasileirao\/","chapeu":"NOVA CASA","data":"05\/07\/2019","imagem":"https:\/\/images.futebolinterior.com.br\/2020\/11\/0002050399315_img-300x199.jpg","resumo":"Giovanni n\u00e3o estava nos planos do t\u00e9cnico Jorginho e vai defender o Bahia na sequ\u00eancia da temporada"},"274088":{"titulo":"S\u00e9rie B: Com duas voltas, Ponte se prepara para jogo-treino contra o Santos","link":"https:\/\/www.futebolinterior.com.br\/serie-b-com-duas-voltas-ponte-se-prepara-para-jogo-treino-contra-o-santos\/","chapeu":"TUDO PRONTO","data":"05\/07\/2019","imagem":"https:\/\/images.futebolinterior.com.br\/2020\/11\/0002050399311_img-300x200.jpg","resumo":"O zagueiro Airton e o meia Gerson Magr\u00e3o, que n\u00e3o enfrentaram o Atibaia, est\u00e3o \u00e0 disposi\u00e7\u00e3o de Jorginho"},"274090":{"titulo":"S\u00e9rie B: Na mira do Fluminense, zagueiro diz que quer deixar o Vila Nova","link":"https:\/\/www.futebolinterior.com.br\/serie-b-na-mira-do-fluminense-zagueiro-diz-que-quer-deixar-o-vila-nova\/","chapeu":"E AGORA?","data":"05\/07\/2019","imagem":"https:\/\/images.futebolinterior.com.br\/2020\/11\/0002050399286_img-300x215.jpg","resumo":"Wesley Matos tem contrato at\u00e9 o fim de 2020 e a multa rescis\u00f3ria gira em torno de R$ 3 milh\u00f5es"},"274099":{"titulo":"S\u00e9rie B: Atacante v\u00ea troca de treinador como divisor de \u00e1guas no Paran\u00e1","link":"https:\/\/www.futebolinterior.com.br\/serie-b-atacante-ve-troca-de-treinador-como-divisor-de-aguas-no-parana\/","chapeu":"SER\u00c1?","data":"05\/07\/2019","imagem":"https:\/\/images.futebolinterior.com.br\/2020\/11\/0002050399255_img-300x225.jpg","resumo":"Jenison destacou a melhora do time depois que Matheus Costa foi contratado"},"274117":{"titulo":"Zagueiro da Sele\u00e7\u00e3o revela desejo de encerrar carreira em time da S\u00e9rie B","link":"https:\/\/www.futebolinterior.com.br\/zagueiro-da-selecao-revela-desejo-de-encerrar-carreira-em-time-da-serie-b\/","chapeu":"OLHA S\u00d3","data":"05\/07\/2019","imagem":"https:\/\/images.futebolinterior.com.br\/2020\/11\/0002050399232_img-300x150.jpg","resumo":"Miranda disse que pretende retornar ao Coritiba em dois anos para pendurar as chuteiras"},"331598":{"titulo":"S\u00e9rie B: Figueirense libera goleiro para acertar com clube portugu\u00eas","link":"https:\/\/www.futebolinterior.com.br\/serie-b-figueirense-libera-goleiro-para-acertar-com-clube-portugues\/","chapeu":"VAZOU!","data":"05\/07\/2019","imagem":"https:\/\/images.futebolinterior.com.br\/2021\/04\/0002050399224_img-300x170.jpg","resumo":"Vitor Caetano vai defender o FC Famalic\u00e3o por uma temporada"},"274125":{"titulo":"S\u00e9rie B: Ex-Ponte Preta, meia renova contrato com Am\u00e9rica-MG","link":"https:\/\/www.futebolinterior.com.br\/serie-b-ex-ponte-preta-meia-renova-contrato-com-america-mg\/","chapeu":"BOA NOT\u00cdCIA","data":"05\/07\/2019","imagem":"https:\/\/images.futebolinterior.com.br\/2020\/11\/0002050399218_img-300x200.jpg","resumo":"Na semana passada, Felipe Azevedo recebeu uma proposta de um clube asi\u00e1tico"},"274134":{"titulo":"Guarani empresta destaque da base para o Gr\u00eamio","link":"https:\/\/www.futebolinterior.com.br\/guarani-empresta-destaque-da-base-para-o-gremio\/","chapeu":"MAS J\u00c1 VAI?","data":"05\/07\/2019","imagem":"https:\/\/images.futebolinterior.com.br\/2020\/11\/0002050399195_img-146x300.jpg","resumo":"Mateusinho se apresentou bem no Paulista e Copinha pelo sub-20 do Bugre e ap\u00f3s 14 jogos no profissional vai ao time de Porto Alegre"}}