{"331333":{"titulo":"Corinthians perde para time da S\u00e9rie B em \u00faltimo amistoso antes do Brasileir\u00e3o","link":"https:\/\/www.futebolinterior.com.br\/corinthians-perde-para-time-da-serie-b-em-ultimo-amistoso-antes-do-brasileirao\/","chapeu":"EITA","data":"07\/07\/2019","imagem":"https:\/\/images.futebolinterior.com.br\/2021\/04\/0002050399600_img-300x196.jpg","resumo":"Quando F\u00e1bio Carille escalou os titulares, o Tim\u00e3o perdeu por 2 a 0 e depois descontou com R\u00e9gis"},"331428":{"titulo":"S\u00e9rie B: Ponte Preta empata jogo-treino com time do Brasileir\u00e3o","link":"https:\/\/www.futebolinterior.com.br\/serie-b-ponte-preta-empata-jogo-treino-com-time-do-brasileirao\/","chapeu":"TUDO IGUAL","data":"06\/07\/2019","imagem":"https:\/\/images.futebolinterior.com.br\/2021\/04\/0002050399461_img-300x178.jpg","resumo":"O lateral Arnaldo marcou para a Macaca, enquanto Uribe deixou tudo igual para o Santos"},"331448":{"titulo":"Inter leva gol no final e \u00e9 derrotado pelo Brasil-RS em jogo-treino no Beira-Rio","link":"https:\/\/www.futebolinterior.com.br\/inter-leva-gol-no-final-e-e-derrotado-pelo-brasil-rs-em-jogo-treino-no-beira-rio\/","chapeu":"DEU BRASIL","data":"06\/07\/2019","imagem":"https:\/\/images.futebolinterior.com.br\/2021\/04\/0002050399406_img-300x234.jpg","resumo":"Cristian marcou o \u00fanico gol da partida j\u00e1 aos 47 minutos do segundo tempo"},"331444":{"titulo":"Brasiliense-DF empata com time da S\u00e9rie B em amistoso","link":"https:\/\/www.futebolinterior.com.br\/brasiliense-df-empata-com-time-da-serie-b-em-amistoso\/","chapeu":"TUDO IGUAL","data":"06\/07\/2019","imagem":"https:\/\/images.futebolinterior.com.br\/2021\/04\/0002050399405_img-300x161.jpg","resumo":"Os comandados do t\u00e9cnico Ricardo Antonio empataram em 1 a 1 com o Atl\u00e9tico Goianiense"},"331459":{"titulo":"S\u00e9rie B: Oper\u00e1rio-PR atacante ex-Novorizontino e centroavante que estava na Bol\u00edvia","link":"https:\/\/www.futebolinterior.com.br\/serie-b-operario-pr-atacante-ex-novorizontino-e-centroavante-que-estava-na-bolivia\/","chapeu":"NOVIDADES","data":"06\/07\/2019","imagem":"https:\/\/images.futebolinterior.com.br\/2021\/04\/0002050399395_img-300x200.jpg","resumo":"Cl\u00e9o Silva e Lucas Ga\u00facho vestiaram a camisa do time paranaense pela primeira vez nesta sexta-feira"},"274059":{"titulo":"S\u00e9rie B: Ponte Preta anuncia \"megapromo\u00e7\u00e3o\" para jogo contra Oeste","link":"https:\/\/www.futebolinterior.com.br\/serie-b-ponte-preta-anuncia-megapromocao-para-jogo-contra-oeste\/","chapeu":"VAI BOMBAR?","data":"06\/07\/2019","imagem":"https:\/\/images.futebolinterior.com.br\/2020\/11\/0002050399393_img-300x199.jpg","resumo":"Ingressos para arquibancada e geral est\u00e3o custando R$ 10 (inteira) e R$ 5 (meia), e Torcedor Camisa 10+ pode levar acompanhante "},"331493":{"titulo":"S\u00e9rie B: Guarani vence jogo-treino e mant\u00e9m 100% com Roberto Fonseca","link":"https:\/\/www.futebolinterior.com.br\/serie-b-guarani-vence-jogo-treino-e-mantem-100-com-roberto-fonseca\/","chapeu":"2 a 0","data":"06\/07\/2019","imagem":"https:\/\/images.futebolinterior.com.br\/2021\/04\/0002050399370_img-300x199.jpg","resumo":"Bugre agora tem uma semana de prepara\u00e7\u00e3o para o jogo da S\u00e9rie B, contra o CRB, na sexta-feira"},"274074":{"titulo":"Luverdense x S\u00e3o Jos\u00e9 - Duelo de opostos em Lucas do Rio Verde","link":"https:\/\/www.futebolinterior.com.br\/luverdense-x-sao-jose-duelo-de-opostos-em-lucas-do-rio-verde\/","chapeu":"QUEM LEVA?","data":"05\/07\/2019","imagem":"https:\/\/images.futebolinterior.com.br\/2020\/11\/0002050399340_img-300x198.jpg","resumo":"O LEC espera sair da zona de rebaixamento, enquanto o Zequinha sonha em assumir a lideran\u00e7a"},"331535":{"titulo":"Gr\u00eamio vence Crici\u00fama em jogo-treino e se reabilita ap\u00f3s sofrer goleada","link":"https:\/\/www.futebolinterior.com.br\/gremio-vence-criciuma-em-jogo-treino-e-se-reabilita-apos-sofrer-goleada\/","chapeu":"VOLTA POR CIMA","data":"05\/07\/2019","imagem":"https:\/\/images.futebolinterior.com.br\/2021\/04\/0002050399338_img-300x200.jpg","resumo":"O Tricolor Ga\u00facho venceu por 2 a 1 em partida disputada nessa sexta-feira, no CT Luiz Carvalho, em Porto Alegre"},"331543":{"titulo":"Zagueiro acertado com o Guarani volta ao Vasco por decis\u00e3o da Justi\u00e7a","link":"https:\/\/www.futebolinterior.com.br\/zagueiro-acertado-com-o-guarani-volta-ao-vasco-por-decisao-da-justica\/","chapeu":"MELOU","data":"05\/07\/2019","imagem":"https:\/\/images.futebolinterior.com.br\/2021\/04\/0002050399322_img-300x185.jpg","resumo":"Bruno Silva teve sua resci\u00e7\u00e3o de contrato anulada pelo TRT-RJ e volta a ter v\u00ednculo com o clube carioca at\u00e9 dezembro"}}