{"330594":{"titulo":"Ponte Preta 3 x 2 Oeste - Macaca tem in\u00edcio arrasador e volta ao G4","link":"https:\/\/www.futebolinterior.com.br\/ponte-preta-3-x-2-oeste-macaca-tem-inicio-arrasador-e-volta-ao-g4\/","chapeu":"VOLTOU COM TUDO","data":"12\/07\/2019","imagem":0,"resumo":"A equipe da casa saiu na frente com dois gols em menos de cinco minutos no Mois\u00e9s Lucarelli"},"330606":{"titulo":"CRB 2 x 1 Guarani - Bugre perde na estreia de t\u00e9cnico e segue na zona do rebaixamento","link":"https:\/\/www.futebolinterior.com.br\/crb-2-x-1-guarani-bugre-perde-na-estreia-de-tecnico-e-segue-na-zona-do-rebaixamento\/","chapeu":"COMPLICADO","data":"12\/07\/2019","imagem":0,"resumo":"O placar foi constr\u00eddo todo no primeiro tempo, quando as duas equipes apresentaram futebol bastante ofensivo"},"330632":{"titulo":"S\u00e9rie B: Marlon comemora retomada do Crici\u00fama e j\u00e1 sonha com o G4","link":"https:\/\/www.futebolinterior.com.br\/serie-b-marlon-comemora-retomada-do-criciuma-e-ja-sonha-com-o-g4\/","chapeu":"PRA CIMA","data":"12\/07\/2019","imagem":"https:\/\/images.futebolinterior.com.br\/2021\/04\/0002050400621_img-300x199.jpg","resumo":"O Crici\u00fama entrou na parada para a Copa Am\u00e9rica temendo a zona de rebaixamento, mas voltou ao Campeonato Brasileiro da S\u00e9rie B sonhando com o G4"},"273763":{"titulo":"Am\u00e9rica-MG x Figueirense - Ser\u00e1 o in\u00edcio da recupera\u00e7\u00e3o do Coelho?","link":"https:\/\/www.futebolinterior.com.br\/america-mg-x-figueirense-sera-o-inicio-da-recuperacao-do-coelho\/","chapeu":"T\u00c1 NA HORA","data":"12\/07\/2019","imagem":"https:\/\/images.futebolinterior.com.br\/2020\/11\/0002050400610_img-300x195.jpg","resumo":"Apontado como um dos favoritos ao acesso, o time mineiro aparece hoje na zona de rebaixamento"},"273757":{"titulo":"Paran\u00e1 x Bragantino - Massa Bruta quer engatar a 5\u00aa para se isolar na ponta","link":"https:\/\/www.futebolinterior.com.br\/parana-x-bragantino-massa-bruta-quer-engatar-a-5a-para-se-isolar-na-ponta\/","chapeu":"VOANDO!","data":"12\/07\/2019","imagem":"https:\/\/images.futebolinterior.com.br\/2020\/11\/0002050400620_img-300x177.jpg","resumo":"J\u00e1 o Tricolor procura surpreender o rival a fim de se aproximar das primeiras posi\u00e7\u00f5es"},"273759":{"titulo":"Atl\u00e9tico-GO x Vila Nova - Cl\u00e1ssico dos opostos em Goi\u00e2nia","link":"https:\/\/www.futebolinterior.com.br\/atletico-go-x-vila-nova-classico-dos-opostos-em-goiania\/","chapeu":"TEM FAVORITO?","data":"12\/07\/2019","imagem":"https:\/\/images.futebolinterior.com.br\/2020\/11\/0002050400615_img-300x200.jpg","resumo":"O Drag\u00e3o pode terminar a rodada no G4, enquanto o Tigre corre o risco de entrar na zona de rebaixamento"},"273785":{"titulo":"S\u00c9RIE B: Cl\u00e1ssico goiano e persegui\u00e7\u00e3o ao l\u00edder encerram a rodada neste s\u00e1bado","link":"https:\/\/www.futebolinterior.com.br\/serie-b-classico-goiano-e-perseguicao-ao-lider-encerram-a-rodada-neste-sabado\/","chapeu":"DIA QUENTE","data":"12\/07\/2019","imagem":"https:\/\/images.futebolinterior.com.br\/2020\/11\/0002050400575_img-300x209.jpg","resumo":"Botafogo e Londrina entram em campo torcendo por um trope\u00e7o do Bragantino diante do Paran\u00e1"},"273768":{"titulo":"Oper\u00e1rio-PR x Londrina - Em posi\u00e7\u00f5es opostas, times se encontram no cl\u00e1ssico regional","link":"https:\/\/www.futebolinterior.com.br\/operario-pr-x-londrina-em-posicoes-opostas-times-se-encontram-no-classico-regional\/","chapeu":"RIVAIS DO PR","data":"12\/07\/2019","imagem":"https:\/\/images.futebolinterior.com.br\/2020\/11\/0002050400602_img-300x200.jpg","resumo":"Equipes se encontram pela S\u00e9rie B com o Fantasma na zona de rebaixamento e o Tubar\u00e3o no G-4"},"273775":{"titulo":"S\u00e9rie B: Paran\u00e1 prioriza sal\u00e1rios em dia e paralisa busca por refor\u00e7os","link":"https:\/\/www.futebolinterior.com.br\/serie-b-parana-prioriza-salarios-em-dia-e-paralisa-busca-por-reforcos\/","chapeu":"P\u00c9S NO CH\u00c3O","data":"12\/07\/2019","imagem":"https:\/\/images.futebolinterior.com.br\/2020\/11\/0002050400595_img-300x226.jpg","resumo":"O t\u00e9cnico Matheus Costa n\u00e3o v\u00ea necessidade da diretoria ir atr\u00e1s de contrata\u00e7\u00f5es neste momento"},"273777":{"titulo":"S\u00e9rie B: Sem ex-Ponte, Botafogo se prepara para \"retranca\" do Brasil","link":"https:\/\/www.futebolinterior.com.br\/serie-b-sem-ex-ponte-botafogo-se-prepara-para-retranca-do-brasil\/","chapeu":"JOGO DURO","data":"12\/07\/2019","imagem":"https:\/\/images.futebolinterior.com.br\/2020\/11\/0002050400584_img-300x159.jpg","resumo":"Com dores no joelho, o atacante J\u00falio C\u00e9sar vai ser preservado e Erick Luis come\u00e7a como titular"}}