{"273621":{"titulo":"Por atraso salarial, MP protocola den\u00fancia e time pode perder pontos na S\u00e9rie B","link":"https:\/\/www.futebolinterior.com.br\/por-atraso-salarial-mp-protocola-denuncia-e-time-pode-perder-pontos-na-serie-b\/","chapeu":"BOMBA!","data":"15\/07\/2019","imagem":"https:\/\/images.futebolinterior.com.br\/2020\/11\/0002050401314_img-300x200.jpg","resumo":"O time catarinense precisa correr contra o tempo para acertar os d\u00e9bitos antes da decis\u00e3o do STJD"},"273626":{"titulo":"S\u00e9rie B: Oper\u00e1rio-PR anuncia ex-zagueiro de Santos, CRB e Cuiab\u00e1","link":"https:\/\/www.futebolinterior.com.br\/serie-b-operario-pr-anuncia-ex-zagueiro-de-santos-crb-e-cuiaba\/","chapeu":"FECHADO!","data":"15\/07\/2019","imagem":"https:\/\/images.futebolinterior.com.br\/2020\/11\/0002050401306_img-300x188.jpg","resumo":"Edson Borges, 34 anos, chega para brigar pela titularidade no Fantasma"},"330245":{"titulo":"Ponte Preta x Atl\u00e9tico-GO - Times se enfrentam valendo a lideran\u00e7a da S\u00e9rie B","link":"https:\/\/www.futebolinterior.com.br\/ponte-preta-x-atletico-go-times-se-enfrentam-valendo-a-lideranca-da-serie-b\/","chapeu":"SEIS PONTOS","data":"15\/07\/2019","imagem":"https:\/\/images.futebolinterior.com.br\/2021\/04\/0002050401291_img-300x200.jpg","resumo":"Quem vencer assume provisoriamente a primeira posi\u00e7\u00e3o, j\u00e1 que o Bragantino s\u00f3 entra em campo no s\u00e1bado"},"273629":{"titulo":"S\u00c9RIE B: Duelo direto pela lideran\u00e7a e t\u00e9cnicos na berlinda agitam ter\u00e7a-feira","link":"https:\/\/www.futebolinterior.com.br\/serie-b-duelo-direto-pela-lideranca-e-tecnicos-na-berlinda-agitam-terca-feira\/","chapeu":"PROMETE","data":"15\/07\/2019","imagem":"https:\/\/images.futebolinterior.com.br\/2020\/11\/0002050401293_img-300x200.jpg","resumo":"Ponte Preta e Atl\u00e9tico-GO se enfrentam em Campinas e quem vencer dorme na lideran\u00e7a isolada"},"273632":{"titulo":"S\u00e9rie B: Ponte fecha treino, mas ter\u00e1 apenas uma troca contra Atl\u00e9tico-GO","link":"https:\/\/www.futebolinterior.com.br\/serie-b-ponte-fecha-treino-mas-tera-apenas-uma-troca-contra-atletico-go\/","chapeu":"PORTAS FECHADAS","data":"15\/07\/2019","imagem":"https:\/\/images.futebolinterior.com.br\/2020\/11\/0002050401286_img-225x300.jpg","resumo":"Sem Abner, negociado junto ao Athletico-PR, Diego Renan entra na equipe do t\u00e9cnico Jorginho"},"330254":{"titulo":"S\u00e9rie B: Atacante chega na Ponte e revela conversas com Roger: \u201cAinda sou um garoto\u201d","link":"https:\/\/www.futebolinterior.com.br\/serie-b-atacante-chega-na-ponte-e-revela-conversas-com-roger-ainda-sou-um-garoto\/","chapeu":"NOVIDADE","data":"15\/07\/2019","imagem":"https:\/\/images.futebolinterior.com.br\/2021\/04\/0002050401280_img-300x225.jpg","resumo":"Jo\u00e3o Carlos j\u00e1 treina h\u00e1 um m\u00eas na Macaca e espera documenta\u00e7\u00e3o para pode estrear nesta ter\u00e7a-feira contra o Atl\u00e9tico-GO"},"273640":{"titulo":"S\u00e9rie B: Com les\u00e3o de ex-Ponte, Botafogo-SP vai em busca de refor\u00e7os","link":"https:\/\/www.futebolinterior.com.br\/serie-b-com-lesao-de-ex-ponte-botafogo-sp-vai-em-busca-de-reforcos\/","chapeu":"REPOSI\u00c7\u00c3O","data":"15\/07\/2019","imagem":"https:\/\/images.futebolinterior.com.br\/2020\/11\/0002050401277_img-300x200.jpg","resumo":"J\u00falio C\u00e9sar sofreu uma contus\u00e3o no joelho e vai ficar cerca de um m\u00eas afastado"},"330267":{"titulo":"Com ajuda de investidores, Athletico-PR contrata lateral da Ponte Preta","link":"https:\/\/www.futebolinterior.com.br\/com-ajuda-de-investidores-athletico-pr-contrata-lateral-da-ponte-preta\/","chapeu":"MUDAN\u00c7A","data":"15\/07\/2019","imagem":"https:\/\/images.futebolinterior.com.br\/2021\/04\/0002050401272_img-300x199.jpg","resumo":"Abner est\u00e1 em Curitiba para assinar oficialmente com o Athletico-PR"},"273642":{"titulo":"S\u00e9rie B: Atl\u00e9tico-GO viaja com d\u00favida para confronto direto pela lideran\u00e7a","link":"https:\/\/www.futebolinterior.com.br\/serie-b-atletico-go-viaja-com-duvida-para-confronto-direto-pela-lideranca\/","chapeu":"JOGA OU N\u00c3O?","data":"15\/07\/2019","imagem":"https:\/\/images.futebolinterior.com.br\/2020\/11\/0002050401268_img.jpg","resumo":"O zagueiro Gilvan embarcou com a delega\u00e7\u00e3o para Campinas, mas ainda ser\u00e1 melhor avaliado"},"330283":{"titulo":"Jogadores de time da S\u00e9rie B n\u00e3o treinam em protesto a sal\u00e1rios atrasados","link":"https:\/\/www.futebolinterior.com.br\/jogadores-de-time-da-serie-b-nao-treinam-em-protesto-a-salarios-atrasados\/","chapeu":"GREVE","data":"15\/07\/2019","imagem":"https:\/\/images.futebolinterior.com.br\/2021\/04\/0002050401442_img-300x182.jpg","resumo":"A diretoria alvinegra n\u00e3o deu prazo para colocar os pagamentos em dia"}}