{"330306":{"titulo":"Representantes avisam sobre pagamento de multa e lateral deixa a Ponte Preta","link":"https:\/\/www.futebolinterior.com.br\/representantes-avisam-sobre-pagamento-de-multa-e-lateral-deixa-a-ponte-preta\/","chapeu":"PARTIU","data":"15\/07\/2019","imagem":"https:\/\/images.futebolinterior.com.br\/2021\/04\/0002050401223_img-300x199.jpg","resumo":"Informa\u00e7\u00e3o foi divulgada pela Macaca na tarde desta segunda, dias ap\u00f3s o presidente afirmar que ele ficaria at\u00e9 o final da temporada"},"330318":{"titulo":"S\u00e9rie B: Ponte Preta contrata jovem revela\u00e7\u00e3o do Flamengo com multa de R$ 200 milh\u00f5es","link":"https:\/\/www.futebolinterior.com.br\/serie-b-ponte-preta-contrata-jovem-revelacao-do-flamengo-com-multa-de-r-200-milhoes\/","chapeu":"NOVIDADE","data":"15\/07\/2019","imagem":"https:\/\/images.futebolinterior.com.br\/2021\/04\/0002050401207_img-300x200.jpg","resumo":"Bill renovou contrato com o Mengo antes de chegar a Campinas; negocia\u00e7\u00e3o \u00e9 por empr\u00e9stimo at\u00e9 do Paulist\u00e3o de 2020"},"330326":{"titulo":"S\u00e3o Bento anuncia que R\u00e9gis abriu m\u00e3o de tratamento e n\u00e3o aparece para treinar","link":"https:\/\/www.futebolinterior.com.br\/sao-bento-anuncia-que-regis-abriu-mao-de-tratamento-e-nao-aparece-para-treinar\/","chapeu":"TRISTE","data":"15\/07\/2019","imagem":"https:\/\/images.futebolinterior.com.br\/2021\/04\/0002050401204_img-300x198.jpg","resumo":"O lateral-direito R\u00e9gis, que luta contra a depend\u00eancia de \u00e1lcool e coca\u00edna, mais uma vez se tornou not\u00edcia por algo fora de campo"},"330322":{"titulo":"Revelado pelo Inter, zagueiro Thales deixa Vit\u00f3ria e acerta com time da S\u00e9rie B","link":"https:\/\/www.futebolinterior.com.br\/revelado-pelo-inter-zagueiro-thales-deixa-vitoria-e-acerta-com-time-da-serie-b\/","chapeu":"\u00c9 DO TIGRE!","data":"15\/07\/2019","imagem":"https:\/\/images.futebolinterior.com.br\/2021\/04\/0002050401200_img-300x157.jpg","resumo":"No momento, ap\u00f3s nove rodadas, o Crici\u00fama est\u00e1 na 12\u00aa coloca\u00e7\u00e3o da tabela, com 12 pontos"},"273663":{"titulo":"S\u00e9rie B: Atacante do Paran\u00e1 tem acerto encaminhado com S\u00e3o Bento","link":"https:\/\/www.futebolinterior.com.br\/serie-b-atacante-do-parana-tem-acerto-encaminhado-com-sao-bento\/","chapeu":"MUDAN\u00c7A DE CASA","data":"15\/07\/2019","imagem":"https:\/\/images.futebolinterior.com.br\/2020\/11\/0002050401199_img-300x200.jpg","resumo":"Caio Rangel est\u00e1 sem espa\u00e7o e projeta uma rescis\u00e3o amig\u00e1vel para atuar por outro clube neste Brasileir\u00e3o"},"330328":{"titulo":"Am\u00e9rica-MG demite treinador ap\u00f3s goleada para o Figueirense na S\u00e9rie B","link":"https:\/\/www.futebolinterior.com.br\/america-mg-demite-treinador-apos-goleada-para-o-figueirense-na-serie-b\/","chapeu":"ACABOU","data":"15\/07\/2019","imagem":"https:\/\/images.futebolinterior.com.br\/2021\/04\/0002050401198_img-300x203.jpg","resumo":"Maur\u00edcio Barbieri n\u00e3o \u00e9 mais t\u00e9cnico do Am\u00e9rica-MG na S\u00e9rie B do Campeonato Brasileiro"},"330362":{"titulo":"Cuiab\u00e1 x Sport - Le\u00e3o mira o G4 na Arena Pantanal","link":"https:\/\/www.futebolinterior.com.br\/cuiaba-x-sport-leao-mira-o-g4-na-arena-pantanal\/","chapeu":"QUEM LEVA?","data":"14\/07\/2019","imagem":"https:\/\/images.futebolinterior.com.br\/2021\/04\/0002050401135_img-300x188.jpg","resumo":"O time pernambucano pode at\u00e9 mesmo parar na vice-lideran\u00e7a ao final da rodada"},"273681":{"titulo":"S\u00e9rie B: Vila Nova confirma Marcelo Cabo, ex-Guarani e Atl\u00e9tico-GO, como novo treinador","link":"https:\/\/www.futebolinterior.com.br\/serie-b-vila-nova-confirma-marcelo-cabo-ex-guarani-e-atletico-go-como-novo-treinador\/","chapeu":"DEU CABO","data":"14\/07\/2019","imagem":"https:\/\/images.futebolinterior.com.br\/2020\/11\/0002050401116_img-300x156.jpg","resumo":"T\u00e9cnico chega com a miss\u00e3o de tentar livrar o Tigre o rebaixamento na S\u00e9rie B"},"330410":{"titulo":"Sele\u00e7\u00e3o FI da S\u00e9rie B vem com destaques da goleada do Figueirense e muito mais...","link":"https:\/\/www.futebolinterior.com.br\/selecao-fi-da-serie-b-vem-com-destaques-da-goleada-do-figueirense-e-muito-mais\/","chapeu":"QUE TIME!","data":"14\/07\/2019","imagem":"https:\/\/images.futebolinterior.com.br\/2021\/04\/0002050401013_img-300x146.jpg","resumo":"O treinador Hemerson Maria foi o escolhido para comandar a equipe da nona rodada"},"330414":{"titulo":"S\u00e9rie B: Vila Nova inicia negocia\u00e7\u00e3o para contratar Marcelo Cabo, ex-CSA","link":"https:\/\/www.futebolinterior.com.br\/serie-b-vila-nova-inicia-negociacao-para-contratar-marcelo-cabo-ex-csa\/","chapeu":"NA MIRA","data":"14\/07\/2019","imagem":"https:\/\/images.futebolinterior.com.br\/2021\/04\/0002050400987_img-300x191.jpg","resumo":"Diretoria do Tigre iniciou conversas com o empres\u00e1rio do treinador neste domingo"}}