{"273582":{"titulo":"S\u00e9rie B: Ponte regulariza atacante a tempo e o ter\u00e1 como op\u00e7\u00e3o no banco nesta ter\u00e7a","link":"https:\/\/www.futebolinterior.com.br\/serie-b-ponte-regulariza-atacante-a-tempo-e-o-tera-como-opcao-no-banco-nesta-terca\/","chapeu":"REFOR\u00c7O","data":"16\/07\/2019","imagem":"https:\/\/images.futebolinterior.com.br\/2020\/11\/0002050401500_img-300x225.jpg","resumo":"Jo\u00e3o Carlos \u00e9 centroavante e ap\u00f3s um m\u00eas treinando com o grupo tem condi\u00e7\u00e3o de jogo para a partida contra o Atl\u00e9tico-GO"},"330153":{"titulo":"\u200bR\u00e1dio Super, de Sorocaba, FM 87,5, e R\u00e1dio FI com o S\u00e3o Bento em Curitiba","link":"https:\/\/www.futebolinterior.com.br\/%e2%80%8bradio-super-de-sorocaba-fm-875-e-radio-fi-com-o-sao-bento-em-curitiba\/","chapeu":"MUITA EMO\u00c7\u00c3O","data":"16\/07\/2019","imagem":"https:\/\/images.futebolinterior.com.br\/2021\/04\/0002050401468_img.jpg","resumo":"A R\u00e1dio Super, de Sorocaba, FM 87,5, e a R\u00e1dio Futebol Interior, transmitem um jogo extremamente importante para o S\u00e3o Bento nesta noite de ter\u00e7a-feira, 16, em Curitiba, no Paran\u00e1"},"330161":{"titulo":"Band Goi\u00e2nia, AM 820, transmite Ponte Preta e Atl\u00e9tico-GO em Campinas","link":"https:\/\/www.futebolinterior.com.br\/band-goiania-am-820-transmite-ponte-preta-e-atletico-go-em-campinas\/","chapeu":"VAI SER SHOW","data":"16\/07\/2019","imagem":"https:\/\/images.futebolinterior.com.br\/2021\/04\/0002050401460_img.jpg","resumo":"A R\u00e1dio Bandeirantes de Goi\u00e2nia, AM 820, vai dar mais um show de transmiss\u00e3o na noite desta ter\u00e7a-feira, no est\u00e1dio Mois\u00e9s Lucarelli, em Campinas, com Atl\u00e9tico-GO e Ponte Preta-SP"},"273602":{"titulo":"S\u00e9rie B: Guarani confirma les\u00e3o no joelho esquerdo de lateral colombiano","link":"https:\/\/www.futebolinterior.com.br\/serie-b-guarani-confirma-lesao-no-joelho-esquerdo-de-lateral-colombiano\/","chapeu":"DEU RUIM","data":"16\/07\/2019","imagem":"https:\/\/images.futebolinterior.com.br\/2020\/11\/0002050401445_img-300x206.png","resumo":"Armero para por tr\u00eas semanas, mas faz tratamento di\u00e1rio com o departamento m\u00e9dico que reaviar\u00e1 a situa\u00e7\u00e3o constantemente"},"273604":{"titulo":"S\u00e9rie B: CRB prega aten\u00e7\u00e3o para sair de Ponta Grossa com pelo menos um empate","link":"https:\/\/www.futebolinterior.com.br\/serie-b-crb-prega-atencao-para-sair-de-ponta-grossa-com-pelo-menos-um-empate\/","chapeu":"JOGO DURO","data":"16\/07\/2019","imagem":"https:\/\/images.futebolinterior.com.br\/2020\/11\/0002050401423_img-300x212.jpg","resumo":"O Galo da Paju\u00e7ara vinha de duas derrotas seguidas at\u00e9 vencer o Guarani na \u00faltima sexta-feira, em Macei\u00f3"},"330195":{"titulo":"Coritiba x S\u00e3o Bento - Treinadores pressionados jogam o futuro nesta ter\u00e7a!","link":"https:\/\/www.futebolinterior.com.br\/coritiba-x-sao-bento-treinadores-pressionados-jogam-o-futuro-nesta-terca\/","chapeu":"DETERMINANTE","data":"16\/07\/2019","imagem":"https:\/\/images.futebolinterior.com.br\/2021\/04\/0002050401420_img-300x225.jpg","resumo":"Umberto Louzer e Doriva est\u00e3o tendo os trabalhos questionados no comando de Coxa e Bent\u00e3o, respectivamente"},"330211":{"titulo":"Cuiab\u00e1 1 x 1 Sport - Dourado marca aos 50 e tira Le\u00e3o da vice-lideran\u00e7a","link":"https:\/\/www.futebolinterior.com.br\/cuiaba-1-x-1-sport-dourado-marca-aos-50-e-tira-leao-da-vice-lideranca\/","chapeu":"QUE NOITE!","data":"15\/07\/2019","imagem":"https:\/\/images.futebolinterior.com.br\/2021\/04\/0002050401394_img-300x167.jpg","resumo":"O time pernambucano suportou a press\u00e3o do Dourado para sair com os tr\u00eas pontos nesta segunda-feira"},"273615":{"titulo":"S\u00e9rie B: Elenco do Brasil de Pelotas prega respeito ao Paran\u00e1, mas quer embalar","link":"https:\/\/www.futebolinterior.com.br\/serie-b-elenco-do-brasil-de-pelotas-prega-respeito-ao-parana-mas-quer-embalar\/","chapeu":"JOGO DURO","data":"15\/07\/2019","imagem":"https:\/\/images.futebolinterior.com.br\/2020\/11\/0002050401337_img-300x201.jpg","resumo":"O Xavante vem de uma importante vit\u00f3ria sobre o Botafogo-SP, por 3 a 2, em Ribeir\u00e3o Preto"},"273617":{"titulo":"S\u00e9rie B: Guarani aguarda exames para saber gravidade da les\u00e3o de Armero","link":"https:\/\/www.futebolinterior.com.br\/serie-b-guarani-aguarda-exames-para-saber-gravidade-da-lesao-de-armero\/","chapeu":"PREOCUPA","data":"15\/07\/2019","imagem":"https:\/\/images.futebolinterior.com.br\/2020\/11\/0002050401335_img-300x196.jpg","resumo":"O lateral sentiu dores no joelho depois de uma dividida durante o jogo da \u00faltima sexta-feira"},"330221":{"titulo":"S\u00e9rie B: Am\u00e9rica anuncia ex-Botafogo como t\u00e9cnico ap\u00f3s demiss\u00e3o de Barbieri","link":"https:\/\/www.futebolinterior.com.br\/serie-b-america-anuncia-ex-botafogo-como-tecnico-apos-demissao-de-barbieri\/","chapeu":"DEFINIDO","data":"15\/07\/2019","imagem":"https:\/\/images.futebolinterior.com.br\/2021\/04\/0002050401325_img-300x202.png","resumo":"Felipe Concei\u00e7\u00e3o deixou o cargo de coordenador para assumir o comando do elenco"}}