{"273552":{"titulo":"S\u00e9rie B: Elenco do Figueirense mant\u00e9m greve e n\u00e3o treina pelo segundo dia seguido","link":"https:\/\/www.futebolinterior.com.br\/serie-b-elenco-do-figueirense-mantem-greve-e-nao-treina-pelo-segundo-dia-seguido\/","chapeu":"QUE COISA","data":"16\/07\/2019","imagem":"https:\/\/images.futebolinterior.com.br\/2020\/11\/0002050401564_img-300x168.jpg","resumo":"A diretoria pagou parte dos sal\u00e1rios atrasados, mas parece n\u00e3o ter convencido os jogadores"},"273560":{"titulo":"S\u00e9rie B: Jogadores encostados s\u00e3o reintegrados no Am\u00e9rica-MG ap\u00f3s troca de treinador","link":"https:\/\/www.futebolinterior.com.br\/serie-b-jogadores-encostados-sao-reintegrados-no-america-mg-apos-troca-de-treinador\/","chapeu":"OLHA A\u00cd","data":"16\/07\/2019","imagem":"https:\/\/images.futebolinterior.com.br\/2020\/11\/0002050401554_img-300x200.jpg","resumo":"O volante Everton Morelli e o atacante J\u00fanior Vi\u00e7osa estavam fora dos planos de Maur\u00edcio Barbieri"},"273566":{"titulo":"S\u00e9rie B: Meia entrega contrata\u00e7\u00e3o de atacante no Vit\u00f3ria","link":"https:\/\/www.futebolinterior.com.br\/serie-b-meia-entrega-contratacao-de-atacante-no-vitoria\/","chapeu":"FALOU MUITO","data":"16\/07\/2019","imagem":"https:\/\/images.futebolinterior.com.br\/2020\/11\/0002050401549_img-300x169.jpg","resumo":"Clube n\u00e3o confirma a negocia\u00e7\u00e3o, mas Ruy confessou que o jogador Jordy Caicedo chega nos pr\u00f3ximos dias"},"330118":{"titulo":"Escrit\u00f3rio de presidente de clube da S\u00e9rie B \u00e9 pichado com amea\u00e7as de morte","link":"https:\/\/www.futebolinterior.com.br\/escritorio-de-presidente-de-clube-da-serie-b-e-pichado-com-ameacas-de-morte\/","chapeu":"LAMENT\u00c1VEL","data":"16\/07\/2019","imagem":"https:\/\/images.futebolinterior.com.br\/2021\/04\/0002050401539_img-300x169.jpg","resumo":"Palmeron Mendes Filho confirma que utitliza funcion\u00e1rios e tinta do clube para apagar itens"},"330095":{"titulo":"Zagueiro do Crici\u00fama comemora resultado contra o Coritiba, mas j\u00e1 projeta o Vit\u00f3ria","link":"https:\/\/www.futebolinterior.com.br\/zagueiro-do-criciuma-comemora-resultado-contra-o-coritiba-mas-ja-projeta-o-vitoria\/","chapeu":"COM CALMA","data":"16\/07\/2019","imagem":"https:\/\/images.futebolinterior.com.br\/2021\/04\/0002050401538_img-300x189.jpg","resumo":"O gol de Liel aos 49 minutos do segundo tempo serviu para devolver a confian\u00e7a do Crici\u00fama"},"330093":{"titulo":"S\u00e9rie C: Pretendido pelo Guarani, atacante do Londrina acerta com o Juventude","link":"https:\/\/www.futebolinterior.com.br\/serie-c-pretendido-pelo-guarani-atacante-do-londrina-acerta-com-o-juventude\/","chapeu":"NOVA CASA","data":"16\/07\/2019","imagem":"https:\/\/images.futebolinterior.com.br\/2021\/04\/0002050401536_img-300x200.jpg","resumo":"Carlos Henrique, de 24 anos, acertou por empr\u00e9stimo at\u00e9 o final da atual temporada"},"273577":{"titulo":"S\u00e9rie B: Lateral fratura o bra\u00e7o e desfalca Ponte por at\u00e9 oito semanas","link":"https:\/\/www.futebolinterior.com.br\/serie-b-lateral-fratura-o-braco-e-desfalca-ponte-por-ate-oito-semanas\/","chapeu":"BAIXA","data":"16\/07\/2019","imagem":"https:\/\/images.futebolinterior.com.br\/2020\/11\/0002050401530_img-300x169.jpg","resumo":"Sem Arnaldo, o t\u00e9cnico Jorginho vai precisar improvisar na direita; Mantuan e Diego Renan s\u00e3o as principais op\u00e7\u00f5es"},"330105":{"titulo":"Clube da S\u00e9rie B antecipa cotas na CBF e paga uma parte dos sal\u00e1rios atrasados","link":"https:\/\/www.futebolinterior.com.br\/clube-da-serie-b-antecipa-cotas-na-cbf-e-paga-uma-parte-dos-salarios-atrasados\/","chapeu":"PELO MENOS","data":"16\/07\/2019","imagem":"https:\/\/images.futebolinterior.com.br\/2021\/04\/0002050401528_img-300x225.jpg","resumo":"O Figueirense quitou nesta ter\u00e7a-feira uma parte dos sal\u00e1rios atrasados do elenco e da comiss\u00e3o t\u00e9cnica"},"330103":{"titulo":"S\u00e9rie B: Guto lamenta empate do Sport, cobra time e volta a reclamar da arbitragem","link":"https:\/\/www.futebolinterior.com.br\/serie-b-guto-lamenta-empate-do-sport-cobra-time-e-volta-a-reclamar-da-arbitragem\/","chapeu":"FOI BOM?","data":"16\/07\/2019","imagem":"https:\/\/images.futebolinterior.com.br\/2021\/04\/0002050401527_img-300x200.jpg","resumo":"Comandante aliviou comemorando entrada provis\u00f3ria no G-4 da competi\u00e7\u00e3o nacional"},"330109":{"titulo":"S\u00e9rie B: \u00cddolo do Internacional \u00e9 apresentado como treinador do Brasil de Pelotas","link":"https:\/\/www.futebolinterior.com.br\/serie-b-idolo-do-internacional-e-apresentado-como-treinador-do-brasil-de-pelotas\/","chapeu":"CHEGOU","data":"16\/07\/2019","imagem":"https:\/\/images.futebolinterior.com.br\/2021\/04\/0002050401685_img-300x157.jpg","resumo":"Bol\u00edvar chegou acompanhado de outros integrantes da comiss\u00e3o t\u00e9cnica e vai estrear na quinta-feira"}}