{"521846":{"titulo":"S\u00e9rie B: Joinville perde Diego e Bruno RIbeiro para enfrentar o Cear\u00e1","link":"https:\/\/www.futebolinterior.com.br\/serie-b-joinville-perde-diego-e-bruno-ribeiro-para-enfrentar-o-ceara\/","chapeu":"TROCAS","data":"03\/10\/2016","imagem":"https:\/\/images.futebolinterior.com.br\/2021\/04\/0002050199760_img-300x200.jpg","resumo":"O Joinville vai enfrentar o Cear\u00e1 \u00e0s 20h30 de ter\u00e7a-feira, fora de casa, pela 29\u00aa rodada do Campeonato Brasileiro da S\u00e9rie B"},"521683":{"titulo":"S\u00e9rie B: Ainda precisando vencer, Cear\u00e1 trabalha na Arena Castel\u00e3o","link":"https:\/\/www.futebolinterior.com.br\/serie-b-ainda-precisando-vencer-ceara-trabalha-na-arena-castelao\/","chapeu":"VAMO AE","data":"03\/10\/2016","imagem":"https:\/\/images.futebolinterior.com.br\/2021\/04\/0002050199759_img-300x177.jpg","resumo":"Na manh\u00e3 do \u00faltimo domingo o elenco do Cear\u00e1 realizou o \u00faltimo treinamento na Arena Castel\u00e3o, local da partida contra o Joinville, que acontecer\u00e1 nesta ter\u00e7a-feira, \u00e0s 20h30"},"521694":{"titulo":"S\u00e9rie B: Brasil de Pelotas treina com tr\u00eas mudan\u00e7as no time titular","link":"https:\/\/www.futebolinterior.com.br\/serie-b-brasil-de-pelotas-treina-com-tres-mudancas-no-time-titular\/","chapeu":"E AGORA?","data":"03\/10\/2016","imagem":"https:\/\/images.futebolinterior.com.br\/2021\/04\/0002050199749_img-300x200.jpg","resumo":"O Brasil de Pelotas est\u00e1 a um ponto de voltar ao G4 do Campeonato Brasileiro da S\u00e9rie B"},"521496":{"titulo":"S\u00e9rie B: Com promessa de casa cheia, Paysandu se prepara para enfrentar Vasco","link":"https:\/\/www.futebolinterior.com.br\/serie-b-com-promessa-de-casa-cheia-paysandu-se-prepara-para-enfrentar-vasco\/","chapeu":"VAI BOMBAR","data":"03\/10\/2016","imagem":"https:\/\/images.futebolinterior.com.br\/2021\/04\/0002050199751_img-300x169.jpg","resumo":"Mais de 20 mil ingressos foram vendidos de forma antecipada para a partida desta ter\u00e7a-feira"},"521530":{"titulo":"S\u00e3o Paulo n\u00e3o soube fazer o gol da vit\u00f3ria sobre o Flamengo no Brasileir\u00e3o","link":"https:\/\/www.futebolinterior.com.br\/sao-paulo-nao-soube-fazer-o-gol-da-vitoria-sobre-o-flamengo-no-brasileirao\/","chapeu":"OPINI\u00c3O","data":"03\/10\/2016","imagem":"https:\/\/images.futebolinterior.com.br\/2021\/04\/0002050199747_img-300x177.png","resumo":"O time de Ricardo Gomes jogou com tanta aplica\u00e7\u00e3o que foi superior ao advers\u00e1rio e esteve muito perto de ganhar a partida."},"522533":{"titulo":"S\u00e9rie B: Bragantino leva vantagem no retrospecto, mas n\u00e3o vence o N\u00e1utico h\u00e1 5 anos","link":"https:\/\/www.futebolinterior.com.br\/serie-b-bragantino-leva-vantagem-no-retrospecto-mas-nao-vence-o-nautico-ha-5-anos\/","chapeu":"COM TUDO!","data":"03\/10\/2016","imagem":"https:\/\/images.futebolinterior.com.br\/2021\/04\/0002050199738_img-300x200.jpg","resumo":"A equipe paulista abre a zona de rebaixamento, com 27 pontos, quatro a menos que o Oeste, o primeiro fora do Z4"},"521703":{"titulo":"S\u00e9rie B: Remendado, Oeste tenta acabar com jejum de sete jogos sem vit\u00f3ria","link":"https:\/\/www.futebolinterior.com.br\/serie-b-remendado-oeste-tenta-acabar-com-jejum-de-sete-jogos-sem-vitoria\/","chapeu":"EITA","data":"03\/10\/2016","imagem":"https:\/\/images.futebolinterior.com.br\/2021\/04\/0002050199737_img-300x170.jpg","resumo":"O goleiro Felipe Alves, o zagueiro Bruno Silva e o meia Maur\u00edcio cumprem suspens\u00e3o autom\u00e1tica"},"522543":{"titulo":"S\u00e9rie B: Atl\u00e9tico-GO treina com apoio da torcida de olho na lideran\u00e7a","link":"https:\/\/www.futebolinterior.com.br\/serie-b-atletico-go-treina-com-apoio-da-torcida-de-olho-na-lideranca\/","chapeu":"SUBINDO","data":"03\/10\/2016","imagem":"https:\/\/images.futebolinterior.com.br\/2021\/04\/0002050199732_img-300x199.jpg","resumo":"O final de semana foi de muito trabalho no CT do Drag\u00e3o. O time do Atl\u00e9tico-GO segue na prepara\u00e7\u00e3o para o pr\u00f3ximo desafio nesta S\u00e9rie B do Campeonato Brasileiro"},"521533":{"titulo":"S\u00e9rie B: N\u00e1utico viaja para Bragan\u00e7a com Gast\u00f3n Figueira entre relacionados","link":"https:\/\/www.futebolinterior.com.br\/serie-b-nautico-viaja-para-braganca-com-gaston-figueira-entre-relacionados\/","chapeu":"FERAS","data":"03\/10\/2016","imagem":"https:\/\/images.futebolinterior.com.br\/2021\/04\/0002050199730_img-300x225.jpg","resumo":"Ainda no embalo pela bela vit\u00f3ria por 3 a 1 conquistada sobre o Vasco no \u00faltimo s\u00e1bado, na Arena Pernambuco, o N\u00e1utico arrumou as mala"},"522553":{"titulo":"S\u00e9rie B: Bahia viaja para Londrina com todos os jogadores a disposi\u00e7\u00e3o","link":"https:\/\/www.futebolinterior.com.br\/serie-b-bahia-viaja-para-londrina-com-todos-os-jogadores-a-disposicao\/","chapeu":"FERAS","data":"03\/10\/2016","imagem":"https:\/\/images.futebolinterior.com.br\/2021\/04\/0002050199728_img-300x184.jpg","resumo":"O t\u00e9cnico Guto Ferreira j\u00e1 definiu a lista de concentrados no Bahia para a partida contra o Londrina na pr\u00f3xima ter\u00e7a-feira, no Est\u00e1dio do Caf\u00e9, pela 29\u00aa rodada da S\u00e9rie B"}}