{"521801":{"titulo":"Brasil x Sampaio Corr\u00eaa - Diante do lanterna, Xavante tenta entrar no G4 da S\u00e9rie B","link":"https:\/\/www.futebolinterior.com.br\/brasil-x-sampaio-correa-diante-do-lanterna-xavante-tenta-entrar-no-g4-da-serie-b\/","chapeu":"JOG\u00c3O!","data":"03\/10\/2016","imagem":"https:\/\/images.futebolinterior.com.br\/2021\/04\/0002050199784_img-300x188.jpg","resumo":"Al\u00e9m de vencer a sua partida, o time ga\u00facho precisa contar com um trope\u00e7o de Londrina ou Ava\u00ed "},"521639":{"titulo":"S\u00e9rie B: D\u00favida para o jogo, Simi\u00e3o afirma estar preparado para ajudar o Vila Nova","link":"https:\/\/www.futebolinterior.com.br\/serie-b-duvida-para-o-jogo-simiao-afirma-estar-preparado-para-ajudar-o-vila-nova\/","chapeu":"JOGA OU N\u00c3O?","data":"03\/10\/2016","imagem":"https:\/\/images.futebolinterior.com.br\/2021\/04\/0002050199783_img-300x153.jpg","resumo":"O Vila Nova tem mais quatro dias para definir o time que ir\u00e1 entrar em campo na pr\u00f3xima partida. E na briga para estar entre os titulares est\u00e1 o volante Wellington Simi\u00e3o"},"522473":{"titulo":"Paysandu x Vasco - Gigante tem 'miss\u00e3o imposs\u00edvel' no Mangueir\u00e3o","link":"https:\/\/www.futebolinterior.com.br\/paysandu-x-vasco-gigante-tem-missao-impossivel-no-mangueirao\/","chapeu":"E AGORA?","data":"03\/10\/2016","imagem":"https:\/\/images.futebolinterior.com.br\/2021\/04\/0002050199775_img-300x200.jpg","resumo":"Depois de cair para o N\u00e1utico no \u00faltimo final de semana, o Vasco j\u00e1 tem compromisso marcado com o Paysandu nesta 29\u00aa rodada do Campeonato Brasileiro da S\u00e9rie B"},"521465":{"titulo":"S\u00c9RIE B: Ava\u00ed e Londrina na briga pelo G4 e Vasco e Atl\u00e9tico-GO pela lideran\u00e7a","link":"https:\/\/www.futebolinterior.com.br\/serie-b-avai-e-londrina-na-briga-pelo-g4-e-vasco-e-atletico-go-pela-lideranca\/","chapeu":"L\u00c1 EM CIMA","data":"03\/10\/2016","imagem":"https:\/\/images.futebolinterior.com.br\/2021\/04\/0002050199780_img-300x200.jpg","resumo":"\u200bRestando dez jogos para o t\u00e9rmino da S\u00e9rie B do Campeonato Brasileiro, a briga pelo G4 fica a cada dia mais intensa"},"521653":{"titulo":"S\u00e9rie B: CRB poder\u00e1 contar com Ol\u00edvio diante do Atl\u00e9tico-GO, mas J\u00falio C\u00e9sar \u00e9 d\u00favida","link":"https:\/\/www.futebolinterior.com.br\/serie-b-crb-podera-contar-com-olivio-diante-do-atletico-go-mas-julio-cesar-e-duvida\/","chapeu":"MUDAN\u00c7AS!","data":"03\/10\/2016","imagem":"https:\/\/images.futebolinterior.com.br\/2021\/04\/0002050199779_img-300x200.jpg","resumo":"Com a vit\u00f3ria sobre o Bragantino na \u00faltima rodada, o CRB segue firme na briga pelo G4 da S\u00e9rie B e por isso o Galo j\u00e1 est\u00e1 focado no confronto direto pelo G4 contra o Atl\u00e9tico-GO"},"521812":{"titulo":"S\u00e9rie B: Fl\u00e1vio Ara\u00fajo revela proposta, mas diz querer permanecer no Sampaio Corr\u00eaa","link":"https:\/\/www.futebolinterior.com.br\/serie-b-flavio-araujo-revela-proposta-mas-diz-querer-permanecer-no-sampaio-correa\/","chapeu":"FICA OU SAI?","data":"03\/10\/2016","imagem":"https:\/\/images.futebolinterior.com.br\/2021\/04\/0002050199778_img-300x201.jpg","resumo":"O comandante n\u00e3o disse o nome do clube que est\u00e1 interessado em seu trabalho, mas falou que \u00e9 nordestino"},"521470":{"titulo":"Luverdense x Paran\u00e1 - Press\u00e3o estar\u00e1 em campo no Passo das Emas","link":"https:\/\/www.futebolinterior.com.br\/luverdense-x-parana-pressao-estara-em-campo-no-passo-das-emas\/","chapeu":"PRA CIMA!","data":"03\/10\/2016","imagem":"https:\/\/images.futebolinterior.com.br\/2021\/04\/0002050199773_img-300x200.jpg","resumo":"Al\u00e9m dos jogadores, a \u2018press\u00e3o\u2019 tamb\u00e9m estar\u00e1 em campo nesta ter\u00e7a-feira, pela 29\u00aa rodada do Campeonato Brasileiro da S\u00e9rie B"},"522498":{"titulo":"Com Rony e L\u00e9o Gamalho inspirados, ataque comanda a Sele\u00e7\u00e3o FI da S\u00e9rie B","link":"https:\/\/www.futebolinterior.com.br\/com-rony-e-leo-gamalho-inspirados-ataque-comanda-a-selecao-fi-da-serie-b\/","chapeu":"QUE TIME!","data":"03\/10\/2016","imagem":"https:\/\/images.futebolinterior.com.br\/2021\/04\/0002050199766_img-300x168.png","resumo":"Ambos os jogadores fizeram dois gols na 28\u00aa rodada da competi\u00e7\u00e3o nacional; Ava\u00ed tamb\u00e9m se destaca e tem o t\u00e9cnico desse tima\u00e7o"},"521835":{"titulo":"S\u00e9rie B: Com mudan\u00e7a na lateral, Crici\u00fama viaja definido para Juiz de Fora","link":"https:\/\/www.futebolinterior.com.br\/serie-b-com-mudanca-na-lateral-criciuma-viaja-definido-para-juiz-de-fora\/","chapeu":"TUDO PRONTO","data":"03\/10\/2016","imagem":"https:\/\/images.futebolinterior.com.br\/2021\/04\/0002050199771_img-300x200.jpg","resumo":"Marlon foi convocado para defender a Sele\u00e7\u00e3o Brasileira Sub-20 e ser\u00e1 substitu\u00eddo por Niltinho"},"521673":{"titulo":"S\u00e9rie B: Goi\u00e1s viaja para Florian\u00f3polis sem o volante Adriano, suspenso","link":"https:\/\/www.futebolinterior.com.br\/serie-b-goias-viaja-para-florianopolis-sem-o-volante-adriano-suspenso\/","chapeu":"MUDAN\u00c7AS","data":"03\/10\/2016","imagem":"https:\/\/images.futebolinterior.com.br\/2021\/04\/0002050199764_img-300x252.jpg","resumo":"O \u00faltimo domingo foi de muito trabalho para o elenco do Goi\u00e1s. Os jogadores trabalharam no CT Edmo Pinheiro"}}